{"id":4932,"date":"2020-08-25T11:03:57","date_gmt":"2020-08-25T14:03:57","guid":{"rendered":"http:\/\/www.ucse.edu.ar\/notiucse\/?p=4932"},"modified":"2020-08-25T11:03:57","modified_gmt":"2020-08-25T14:03:57","slug":"firmaron-acuerdos-interinstitucionales-entre-ucse-y-unse","status":"publish","type":"post","link":"https:\/\/www.ucse.edu.ar\/notiucse\/2020\/08\/25\/firmaron-acuerdos-interinstitucionales-entre-ucse-y-unse\/","title":{"rendered":"FIRMARON ACUERDOS INTERINSTITUCIONALES ENTRE UCSE Y UNSE"},"content":{"rendered":"<p class=\"x_MsoNormal\" style=\"text-align: justify;\"><img fetchpriority=\"high\" decoding=\"async\" class=\"aligncenter size-full wp-image-4937\" src=\"http:\/\/www.ucse.edu.ar\/notiucse\/wp-content\/uploads\/2020\/08\/22.jpg\" alt=\"2\" width=\"1001\" height=\"667\" srcset=\"https:\/\/www.ucse.edu.ar\/notiucse\/wp-content\/uploads\/2020\/08\/22.jpg 1001w, https:\/\/www.ucse.edu.ar\/notiucse\/wp-content\/uploads\/2020\/08\/22-300x200.jpg 300w\" sizes=\"(max-width: 1001px) 100vw, 1001px\" \/><\/p>\n<p class=\"x_MsoNormal\" style=\"text-align: justify;\">El viernes 14 de agosto, se llev\u00f3 a cabo la firma de acuerdos entre la Facultad de Ciencias de la Salud de la Universidad Cat\u00f3lica de Santiago del Estero (UCSE) y la Facultad de Humanidades, Ciencias Sociales y de la Salud de la Universidad Nacional de Santiago del Estero (UNSE). Esta se realiz\u00f3 en el marco del Convenio existente entre ambas casas de altos estudios.<\/p>\n<p class=\"x_MsoNormal\" style=\"text-align: justify;\">La firma fue suscripta por la Lic. Mar\u00eda Rosa Barbar\u00e1n, Decana de la Facultad de Ciencias de la Salud de la UCSE y por el Lic. Hugo Marcelino Ledesma, Decano de la Facultad de Humanidades, Ciencias Sociales y de la Salud de la UNSE; el Dr. Jos\u00e9 Vezzosi, Secretario de Posgrado de la \u00e9sta Facultad y la Dra. L\u00eda Zottola, Directora de la Maestr\u00eda en Salud Familiar y Comunitaria, pertenecientes a la Universidad Nacional.<\/p>\n<p class=\"x_MsoNormal\" style=\"text-align: justify;\">Dichos acuerdos\u00a0permitir\u00e1n\u00a0el desarrollo de acciones de capacitaci\u00f3n, intervenci\u00f3n, servicios y\/o Pr\u00e1cticas Profesionales Supervisadas, que involucrar\u00e1n a todas las carreras de ambas Facultades.\u00a0Asimismo,\u00a0a nivel de posgrado, se\u00a0promover\u00e1n\u00a0acciones\u00a0en vinculaci\u00f3n con todas las carreras y \u00e1reas acad\u00e9micas de ambas facultades, a cargo de equipos docentes, profesionales, t\u00e9cnicos y alumnos avanzados.<\/p>\n<p class=\"x_MsoNormal\" style=\"text-align: justify;\">Como primera\u00a0acci\u00f3n\u00a0en este marco de acuerdos, docentes de la Universidad Cat\u00f3lica realizar\u00e1n una\u00a0formaci\u00f3n\u00a0de posgrado en el campo de la salud familiar y comunitaria. Este tendr\u00e1 una perspectiva human\u00edstica con equipos multidisciplinarios.<\/p>\n","protected":false},"excerpt":{"rendered":"<p>El viernes 14 de agosto, se llev\u00f3 a cabo la firma de acuerdos entre la Facultad de Ciencias de la Salud de la Universidad Cat\u00f3lica de Santiago del Estero (UCSE) y la Facultad de Humanidades, Ciencias Sociales y de la Salud de la Universidad Nacional de Santiago del Estero (UNSE). Esta se realiz\u00f3 en el [&hellip;]<\/p>\n","protected":false},"author":1,"featured_media":4937,"comment_status":"closed","ping_status":"closed","sticky":false,"template":"","format":"standard","meta":{"_exactmetrics_skip_tracking":false,"_exactmetrics_sitenote_active":false,"_exactmetrics_sitenote_note":"","_exactmetrics_sitenote_category":0,"footnotes":""},"categories":[9,73,72],"tags":[],"_links":{"self":[{"href":"https:\/\/www.ucse.edu.ar\/notiucse\/wp-json\/wp\/v2\/posts\/4932"}],"collection":[{"href":"https:\/\/www.ucse.edu.ar\/notiucse\/wp-json\/wp\/v2\/posts"}],"about":[{"href":"https:\/\/www.ucse.edu.ar\/notiucse\/wp-json\/wp\/v2\/types\/post"}],"author":[{"embeddable":true,"href":"https:\/\/www.ucse.edu.ar\/notiucse\/wp-json\/wp\/v2\/users\/1"}],"replies":[{"embeddable":true,"href":"https:\/\/www.ucse.edu.ar\/notiucse\/wp-json\/wp\/v2\/comments?post=4932"}],"version-history":[{"count":2,"href":"https:\/\/www.ucse.edu.ar\/notiucse\/wp-json\/wp\/v2\/posts\/4932\/revisions"}],"predecessor-version":[{"id":4938,"href":"https:\/\/www.ucse.edu.ar\/notiucse\/wp-json\/wp\/v2\/posts\/4932\/revisions\/4938"}],"wp:featuredmedia":[{"embeddable":true,"href":"https:\/\/www.ucse.edu.ar\/notiucse\/wp-json\/wp\/v2\/media\/4937"}],"wp:attachment":[{"href":"https:\/\/www.ucse.edu.ar\/notiucse\/wp-json\/wp\/v2\/media?parent=4932"}],"wp:term":[{"taxonomy":"category","embeddable":true,"href":"https:\/\/www.ucse.edu.ar\/notiucse\/wp-json\/wp\/v2\/categories?post=4932"},{"taxonomy":"post_tag","embeddable":true,"href":"https:\/\/www.ucse.edu.ar\/notiucse\/wp-json\/wp\/v2\/tags?post=4932"}],"curies":[{"name":"wp","href":"https:\/\/api.w.org\/{rel}","templated":true}]}}