{"id":4939,"date":"2020-08-25T11:06:04","date_gmt":"2020-08-25T14:06:04","guid":{"rendered":"http:\/\/www.ucse.edu.ar\/notiucse\/?p=4939"},"modified":"2020-08-25T11:06:07","modified_gmt":"2020-08-25T14:06:07","slug":"la-ucse-dictara-la-carrera-de-licenciatura-en-educacion-fisica-en-bella-vista","status":"publish","type":"post","link":"https:\/\/www.ucse.edu.ar\/notiucse\/2020\/08\/25\/la-ucse-dictara-la-carrera-de-licenciatura-en-educacion-fisica-en-bella-vista\/","title":{"rendered":"LA UCSE DICTAR\u00c1 LA CARRERA DE LICENCIATURA EN EDUCACI\u00d3N F\u00cdSICA EN BELLA VISTA"},"content":{"rendered":"<p class=\"x_MsoNormal\" style=\"text-align: justify;\"><img fetchpriority=\"high\" decoding=\"async\" class=\"aligncenter size-full wp-image-4940\" src=\"http:\/\/www.ucse.edu.ar\/notiucse\/wp-content\/uploads\/2020\/08\/33.jpg\" alt=\"3\" width=\"1001\" height=\"667\" srcset=\"https:\/\/www.ucse.edu.ar\/notiucse\/wp-content\/uploads\/2020\/08\/33.jpg 1001w, https:\/\/www.ucse.edu.ar\/notiucse\/wp-content\/uploads\/2020\/08\/33-300x200.jpg 300w\" sizes=\"(max-width: 1001px) 100vw, 1001px\" \/><\/p>\n<p class=\"x_MsoNormal\" style=\"text-align: justify;\"><span lang=\"ES-AR\">El jueves 13 de agosto, el Sr. Rector de la UCSE Ing. Luis Eugenio Lucena y la Decana de la Facultad de Ciencias de la Salud Lic. Mar\u00eda Rosa Barbar\u00e1n, suscribieron el Convenio Marco de Cooperaci\u00f3n y Asistencia T\u00e9cnica Institucional y del Protocolo Acad\u00e9mico N\u00ba1 en conjunto con la Municipalidad de Bella Vista (Tucum\u00e1n).\u00a0<\/span><\/p>\n<p class=\"x_MsoNormal\" style=\"text-align: justify;\"><span lang=\"ES-AR\">Este tiene como finalidad, ampliar la oferta acad\u00e9mica de j\u00f3venes tucumanos, que brinda la Universidad Cat\u00f3lica de Santiago del Estero, para alcanzar el t\u00edtulo de Licenciados en Educaci\u00f3n F\u00edsica y Deporte. Esta carrera, cuenta\u00a0<\/span>con aprobaci\u00f3n ministerial mediante Resoluci\u00f3n del Ministerio de Educaci\u00f3n de la Naci\u00f3n N\u00ba2484\/2015 de reconocimiento oficial y validez nacional del t\u00edtulo.<\/p>\n<p class=\"x_MsoNormal\" style=\"text-align: justify;\">La Licenciatura en Educaci\u00f3n F\u00edsica y Deporte llega a Bella Vista gracias a la solicitud de parte del Intendente Dr. Sebasti\u00e1n Salazar, quien hace constar la necesidad de cubrir una vacancia en la formaci\u00f3n de profesores en esas \u00e1reas de conocimientos. La carrera dar\u00e1 inicio pr\u00f3ximamente en forma on line, atendiendo a la coyuntura de la pandemia en la que nos encontramos, pudiendo a posteriori continuar su dictado presencial en la ciudad de Bella Vista<\/p>\n","protected":false},"excerpt":{"rendered":"<p>El jueves 13 de agosto, el Sr. Rector de la UCSE Ing. Luis Eugenio Lucena y la Decana de la Facultad de Ciencias de la Salud Lic. Mar\u00eda Rosa Barbar\u00e1n, suscribieron el Convenio Marco de Cooperaci\u00f3n y Asistencia T\u00e9cnica Institucional y del Protocolo Acad\u00e9mico N\u00ba1 en conjunto con la Municipalidad de Bella Vista (Tucum\u00e1n).\u00a0 Este [&hellip;]<\/p>\n","protected":false},"author":1,"featured_media":4940,"comment_status":"closed","ping_status":"closed","sticky":false,"template":"","format":"standard","meta":{"_exactmetrics_skip_tracking":false,"_exactmetrics_sitenote_active":false,"_exactmetrics_sitenote_note":"","_exactmetrics_sitenote_category":0,"footnotes":""},"categories":[9,73,72],"tags":[],"_links":{"self":[{"href":"https:\/\/www.ucse.edu.ar\/notiucse\/wp-json\/wp\/v2\/posts\/4939"}],"collection":[{"href":"https:\/\/www.ucse.edu.ar\/notiucse\/wp-json\/wp\/v2\/posts"}],"about":[{"href":"https:\/\/www.ucse.edu.ar\/notiucse\/wp-json\/wp\/v2\/types\/post"}],"author":[{"embeddable":true,"href":"https:\/\/www.ucse.edu.ar\/notiucse\/wp-json\/wp\/v2\/users\/1"}],"replies":[{"embeddable":true,"href":"https:\/\/www.ucse.edu.ar\/notiucse\/wp-json\/wp\/v2\/comments?post=4939"}],"version-history":[{"count":1,"href":"https:\/\/www.ucse.edu.ar\/notiucse\/wp-json\/wp\/v2\/posts\/4939\/revisions"}],"predecessor-version":[{"id":4941,"href":"https:\/\/www.ucse.edu.ar\/notiucse\/wp-json\/wp\/v2\/posts\/4939\/revisions\/4941"}],"wp:featuredmedia":[{"embeddable":true,"href":"https:\/\/www.ucse.edu.ar\/notiucse\/wp-json\/wp\/v2\/media\/4940"}],"wp:attachment":[{"href":"https:\/\/www.ucse.edu.ar\/notiucse\/wp-json\/wp\/v2\/media?parent=4939"}],"wp:term":[{"taxonomy":"category","embeddable":true,"href":"https:\/\/www.ucse.edu.ar\/notiucse\/wp-json\/wp\/v2\/categories?post=4939"},{"taxonomy":"post_tag","embeddable":true,"href":"https:\/\/www.ucse.edu.ar\/notiucse\/wp-json\/wp\/v2\/tags?post=4939"}],"curies":[{"name":"wp","href":"https:\/\/api.w.org\/{rel}","templated":true}]}}