{"id":4945,"date":"2020-08-25T11:13:58","date_gmt":"2020-08-25T14:13:58","guid":{"rendered":"http:\/\/www.ucse.edu.ar\/notiucse\/?p=4945"},"modified":"2020-08-25T11:14:01","modified_gmt":"2020-08-25T14:14:01","slug":"cafe-con-ciencia","status":"publish","type":"post","link":"https:\/\/www.ucse.edu.ar\/notiucse\/2020\/08\/25\/cafe-con-ciencia\/","title":{"rendered":"CAF\u00c9 CON-CIENCIA"},"content":{"rendered":"<p style=\"text-align: justify;\"><img fetchpriority=\"high\" decoding=\"async\" class=\"aligncenter size-large wp-image-4954\" src=\"http:\/\/www.ucse.edu.ar\/notiucse\/wp-content\/uploads\/2020\/08\/cafe-conciencia-1024x1024.jpg\" alt=\"cafe conciencia\" width=\"620\" height=\"620\" srcset=\"https:\/\/www.ucse.edu.ar\/notiucse\/wp-content\/uploads\/2020\/08\/cafe-conciencia-1024x1024.jpg 1024w, https:\/\/www.ucse.edu.ar\/notiucse\/wp-content\/uploads\/2020\/08\/cafe-conciencia-150x150.jpg 150w, https:\/\/www.ucse.edu.ar\/notiucse\/wp-content\/uploads\/2020\/08\/cafe-conciencia-300x300.jpg 300w, https:\/\/www.ucse.edu.ar\/notiucse\/wp-content\/uploads\/2020\/08\/cafe-conciencia-70x70.jpg 70w, https:\/\/www.ucse.edu.ar\/notiucse\/wp-content\/uploads\/2020\/08\/cafe-conciencia-250x250.jpg 250w, https:\/\/www.ucse.edu.ar\/notiucse\/wp-content\/uploads\/2020\/08\/cafe-conciencia.jpg 1280w\" sizes=\"(max-width: 620px) 100vw, 620px\" \/><\/p>\n<p style=\"text-align: justify;\">El pr\u00f3ximo jueves 27 de agosto inicia \u201cCaf\u00e9 con-ciencia\u201d, el ciclo de conferencias con docentes investigadores UCSE, organizado por la Secretar\u00eda de Ciencia y Tecnolog\u00eda. Se tratan de 6 encuentros, los d\u00edas jueves, donde se abordar\u00e1n diferentes tem\u00e1ticas.<\/p>\n<p style=\"text-align: justify;\">La primera conferencia estar\u00e1 a cargo de la Dra. M\u00f3nica Montenegro, docente del Departamento Acad\u00e9mico San Salvador de Jujuy, quien expondr\u00e1 sobre \u201cMiradas socioculturales de la alimentaci\u00f3n para una mejor calidad de vida\u201d. En dicha oportunidad se compartir\u00e1n algunos resultados, desaf\u00edos epist\u00e9micos y metodol\u00f3gicos y se reflexionar\u00e1 acerca del aporte de la investigaci\u00f3n en los procesos de formaci\u00f3n acad\u00e9mica que brinda la Instituci\u00f3n.<\/p>\n<p style=\"text-align: justify;\">La segunda conferencia se desarrollar\u00e1 el jueves 3 de septiembre, a cargo de la Dra. Susana Herrera, quien abordar\u00e1 \u201cLa crisis de la Ciencia y la tecnolog\u00eda que ha generado el COVID-19. Una mirada desde Francia\u201d.<\/p>\n<p style=\"text-align: justify;\">Se podr\u00e1 participar de las conferencias de \u201cCaf\u00e9 con-ciencia\u201d a trav\u00e9s del canal YouTube UCSEtv.<\/p>\n","protected":false},"excerpt":{"rendered":"<p>El pr\u00f3ximo jueves 27 de agosto inicia \u201cCaf\u00e9 con-ciencia\u201d, el ciclo de conferencias con docentes investigadores UCSE, organizado por la Secretar\u00eda de Ciencia y Tecnolog\u00eda. Se tratan de 6 encuentros, los d\u00edas jueves, donde se abordar\u00e1n diferentes tem\u00e1ticas. La primera conferencia estar\u00e1 a cargo de la Dra. M\u00f3nica Montenegro, docente del Departamento Acad\u00e9mico San Salvador [&hellip;]<\/p>\n","protected":false},"author":1,"featured_media":4953,"comment_status":"closed","ping_status":"closed","sticky":false,"template":"","format":"standard","meta":{"_exactmetrics_skip_tracking":false,"_exactmetrics_sitenote_active":false,"_exactmetrics_sitenote_note":"","_exactmetrics_sitenote_category":0,"footnotes":""},"categories":[73,72],"tags":[],"_links":{"self":[{"href":"https:\/\/www.ucse.edu.ar\/notiucse\/wp-json\/wp\/v2\/posts\/4945"}],"collection":[{"href":"https:\/\/www.ucse.edu.ar\/notiucse\/wp-json\/wp\/v2\/posts"}],"about":[{"href":"https:\/\/www.ucse.edu.ar\/notiucse\/wp-json\/wp\/v2\/types\/post"}],"author":[{"embeddable":true,"href":"https:\/\/www.ucse.edu.ar\/notiucse\/wp-json\/wp\/v2\/users\/1"}],"replies":[{"embeddable":true,"href":"https:\/\/www.ucse.edu.ar\/notiucse\/wp-json\/wp\/v2\/comments?post=4945"}],"version-history":[{"count":1,"href":"https:\/\/www.ucse.edu.ar\/notiucse\/wp-json\/wp\/v2\/posts\/4945\/revisions"}],"predecessor-version":[{"id":4955,"href":"https:\/\/www.ucse.edu.ar\/notiucse\/wp-json\/wp\/v2\/posts\/4945\/revisions\/4955"}],"wp:featuredmedia":[{"embeddable":true,"href":"https:\/\/www.ucse.edu.ar\/notiucse\/wp-json\/wp\/v2\/media\/4953"}],"wp:attachment":[{"href":"https:\/\/www.ucse.edu.ar\/notiucse\/wp-json\/wp\/v2\/media?parent=4945"}],"wp:term":[{"taxonomy":"category","embeddable":true,"href":"https:\/\/www.ucse.edu.ar\/notiucse\/wp-json\/wp\/v2\/categories?post=4945"},{"taxonomy":"post_tag","embeddable":true,"href":"https:\/\/www.ucse.edu.ar\/notiucse\/wp-json\/wp\/v2\/tags?post=4945"}],"curies":[{"name":"wp","href":"https:\/\/api.w.org\/{rel}","templated":true}]}}