{"id":4969,"date":"2020-09-15T10:27:37","date_gmt":"2020-09-15T13:27:37","guid":{"rendered":"http:\/\/www.ucse.edu.ar\/notiucse\/?p=4969"},"modified":"2020-09-15T10:29:04","modified_gmt":"2020-09-15T13:29:04","slug":"la-ucse-firmo-dos-convenios-marco-de-cooperacion","status":"publish","type":"post","link":"https:\/\/www.ucse.edu.ar\/notiucse\/2020\/09\/15\/la-ucse-firmo-dos-convenios-marco-de-cooperacion\/","title":{"rendered":"LA FACULTAD DE CIENCIAS DE LA SALUD FIRM\u00d3 NUEVOS PROTOCOLOS"},"content":{"rendered":"<div dir=\"auto\" style=\"text-align: justify;\"><img fetchpriority=\"high\" decoding=\"async\" class=\"aligncenter size-full wp-image-4970\" src=\"http:\/\/www.ucse.edu.ar\/notiucse\/wp-content\/uploads\/2020\/09\/11.jpg\" alt=\"1\" width=\"1001\" height=\"667\" srcset=\"https:\/\/www.ucse.edu.ar\/notiucse\/wp-content\/uploads\/2020\/09\/11.jpg 1001w, https:\/\/www.ucse.edu.ar\/notiucse\/wp-content\/uploads\/2020\/09\/11-300x200.jpg 300w\" sizes=\"(max-width: 1001px) 100vw, 1001px\" \/><\/div>\n<div dir=\"auto\" style=\"text-align: justify;\">\n<div dir=\"auto\">El lunes 24 de agosto, a trav\u00e9s de la aplicaci\u00f3n zoom, se llev\u00f3 a cabo la firma de dos Protocolos. Estos fueron llevados a cabo por la Facultad de Ciencias de la Salud, a trav\u00e9s de su Decana, Lic. Mar\u00eda Rosa Barbar\u00e1n, en conjunto con dos importantes instituciones.<\/div>\n<div dir=\"auto\">Por un lado, el Colegio de Odont\u00f3logos de Santiago del Estero, representado por su tesorero, OD. V\u00edctor Marcelo Raed. Los mismos se comprometieron a realizar acciones de formaci\u00f3n, docencia e investigaci\u00f3n, a trav\u00e9s de equipos de profesionales y alumnos avanzados de la mencionada facultad.<\/div>\n<div dir=\"auto\">Por otro lado, se firm\u00f3 un protocolo con el Presidente de la Fundaci\u00f3n Banco de Alimentos Santiago del Estero, CPN Miguel \u00c1ngel Siufi. El prop\u00f3sito del mismo fue incorporar a diferentes \u00e1mbitos comunes los aportes acad\u00e9micos, cient\u00edficos, t\u00e9cnicos y de servicios. Esto o lograr\u00e1n a trav\u00e9s del fortalecimiento de competencias y capacidades, a la vez de colaborar en servicios de desarrollo social, de asistencia, formaci\u00f3n, investigaci\u00f3n, promoci\u00f3n y prevenci\u00f3n.<\/div>\n<\/div>\n","protected":false},"excerpt":{"rendered":"<p>El lunes 24 de agosto, a trav\u00e9s de la aplicaci\u00f3n zoom, se llev\u00f3 a cabo la firma de dos Protocolos. Estos fueron llevados a cabo por la Facultad de Ciencias de la Salud, a trav\u00e9s de su Decana, Lic. Mar\u00eda Rosa Barbar\u00e1n, en conjunto con dos importantes instituciones. Por un lado, el Colegio de Odont\u00f3logos [&hellip;]<\/p>\n","protected":false},"author":1,"featured_media":4970,"comment_status":"closed","ping_status":"closed","sticky":false,"template":"","format":"standard","meta":{"_exactmetrics_skip_tracking":false,"_exactmetrics_sitenote_active":false,"_exactmetrics_sitenote_note":"","_exactmetrics_sitenote_category":0,"footnotes":""},"categories":[9,73,72],"tags":[],"_links":{"self":[{"href":"https:\/\/www.ucse.edu.ar\/notiucse\/wp-json\/wp\/v2\/posts\/4969"}],"collection":[{"href":"https:\/\/www.ucse.edu.ar\/notiucse\/wp-json\/wp\/v2\/posts"}],"about":[{"href":"https:\/\/www.ucse.edu.ar\/notiucse\/wp-json\/wp\/v2\/types\/post"}],"author":[{"embeddable":true,"href":"https:\/\/www.ucse.edu.ar\/notiucse\/wp-json\/wp\/v2\/users\/1"}],"replies":[{"embeddable":true,"href":"https:\/\/www.ucse.edu.ar\/notiucse\/wp-json\/wp\/v2\/comments?post=4969"}],"version-history":[{"count":2,"href":"https:\/\/www.ucse.edu.ar\/notiucse\/wp-json\/wp\/v2\/posts\/4969\/revisions"}],"predecessor-version":[{"id":4973,"href":"https:\/\/www.ucse.edu.ar\/notiucse\/wp-json\/wp\/v2\/posts\/4969\/revisions\/4973"}],"wp:featuredmedia":[{"embeddable":true,"href":"https:\/\/www.ucse.edu.ar\/notiucse\/wp-json\/wp\/v2\/media\/4970"}],"wp:attachment":[{"href":"https:\/\/www.ucse.edu.ar\/notiucse\/wp-json\/wp\/v2\/media?parent=4969"}],"wp:term":[{"taxonomy":"category","embeddable":true,"href":"https:\/\/www.ucse.edu.ar\/notiucse\/wp-json\/wp\/v2\/categories?post=4969"},{"taxonomy":"post_tag","embeddable":true,"href":"https:\/\/www.ucse.edu.ar\/notiucse\/wp-json\/wp\/v2\/tags?post=4969"}],"curies":[{"name":"wp","href":"https:\/\/api.w.org\/{rel}","templated":true}]}}