{"id":5085,"date":"2020-11-17T11:00:26","date_gmt":"2020-11-17T14:00:26","guid":{"rendered":"http:\/\/www.ucse.edu.ar\/notiucse\/?p=5085"},"modified":"2020-11-17T11:00:23","modified_gmt":"2020-11-17T14:00:23","slug":"la-ucse-presente-en-el-3-congreso-internacional-del-gran-chaco-americano","status":"publish","type":"post","link":"https:\/\/www.ucse.edu.ar\/notiucse\/2020\/11\/17\/la-ucse-presente-en-el-3-congreso-internacional-del-gran-chaco-americano\/","title":{"rendered":"LA UCSE PRESENTE EN EL 3\u00b0 CONGRESO INTERNACIONAL DEL GRAN CHACO AMERICANO"},"content":{"rendered":"<p style=\"text-align: justify;\"><a href=\"http:\/\/www.ucse.edu.ar\/notiucse\/wp-content\/uploads\/2020\/11\/15.jpg\"><img fetchpriority=\"high\" decoding=\"async\" class=\"alignnone size-full wp-image-5088\" src=\"http:\/\/www.ucse.edu.ar\/notiucse\/wp-content\/uploads\/2020\/11\/15.jpg\" alt=\"15\" width=\"1001\" height=\"667\" srcset=\"https:\/\/www.ucse.edu.ar\/notiucse\/wp-content\/uploads\/2020\/11\/15.jpg 1001w, https:\/\/www.ucse.edu.ar\/notiucse\/wp-content\/uploads\/2020\/11\/15-300x200.jpg 300w\" sizes=\"(max-width: 1001px) 100vw, 1001px\" \/><\/a><\/p>\n<p style=\"text-align: justify;\">Del 10 al 13 de noviembre se realiz\u00f3 de manera virtual el \u201cTercer Congreso Internacional del Gran Chaco Americano: Territorio e Innovaci\u00f3n\u201d, convocado bajo el lema \u201cEl Gran Chaco: buen vivir, diversidad y desarrollo sostenible\u201d. El rector la de UCSE, Ing. Luis Lucena particip\u00f3 de la apertura y en la conferencia \u201cFederalismo y Desarrollo Territorial\u201d, a cargo del Gobernador de la Provincia, Dr. Gerardo Zamora.<\/p>\n<p style=\"text-align: justify;\">Durante las jornadas se llevaron a cabo mesas de trabajo (ponencias, p\u00f3sters, experiencias comunitarias), conferencias magistrales, mesas de di\u00e1logo con movimientos y organizaciones sociales. Tambi\u00e9n se realizaron presentaciones de libros, desarrollos tecnol\u00f3gicos y producciones locales. Docentes e integrantes de la UCSE participaron coordinando diferentes actividades.<\/p>\n<p style=\"text-align: justify;\">Este importante evento estuvo organizado por el Instituto Nacional de Tecnolog\u00eda Agropecuaria (INTA), la Universidad Cat\u00f3lica de Santiago del Estero (UCSE), la Universidad Nacional de Santiago del Estero (UNSE) y por la Secretar\u00eda de Ciencia y Tecnolog\u00eda del Gobierno de la Provincia de Santiago del Estero (SCyT).<\/p>\n<p style=\"text-align: justify;\">Este congreso es el resultado del trabajo colaborativo, que se viene desarrollando entre las instituciones organizadoras en el marco del Convenio de Cooperaci\u00f3n T\u00e9cnica, denominado \u201cSistema Integrado de Desarrollo Territorial\u201d.<\/p>\n","protected":false},"excerpt":{"rendered":"<p>Del 10 al 13 de noviembre se realiz\u00f3 de manera virtual el \u201cTercer Congreso Internacional del Gran Chaco Americano: Territorio e Innovaci\u00f3n\u201d, convocado bajo el lema \u201cEl Gran Chaco: buen vivir, diversidad y desarrollo sostenible\u201d. El rector la de UCSE, Ing. Luis Lucena particip\u00f3 de la apertura y en la conferencia \u201cFederalismo y Desarrollo Territorial\u201d, [&hellip;]<\/p>\n","protected":false},"author":1,"featured_media":5088,"comment_status":"closed","ping_status":"closed","sticky":false,"template":"","format":"standard","meta":{"_exactmetrics_skip_tracking":false,"_exactmetrics_sitenote_active":false,"_exactmetrics_sitenote_note":"","_exactmetrics_sitenote_category":0,"footnotes":""},"categories":[73,72],"tags":[],"_links":{"self":[{"href":"https:\/\/www.ucse.edu.ar\/notiucse\/wp-json\/wp\/v2\/posts\/5085"}],"collection":[{"href":"https:\/\/www.ucse.edu.ar\/notiucse\/wp-json\/wp\/v2\/posts"}],"about":[{"href":"https:\/\/www.ucse.edu.ar\/notiucse\/wp-json\/wp\/v2\/types\/post"}],"author":[{"embeddable":true,"href":"https:\/\/www.ucse.edu.ar\/notiucse\/wp-json\/wp\/v2\/users\/1"}],"replies":[{"embeddable":true,"href":"https:\/\/www.ucse.edu.ar\/notiucse\/wp-json\/wp\/v2\/comments?post=5085"}],"version-history":[{"count":1,"href":"https:\/\/www.ucse.edu.ar\/notiucse\/wp-json\/wp\/v2\/posts\/5085\/revisions"}],"predecessor-version":[{"id":5089,"href":"https:\/\/www.ucse.edu.ar\/notiucse\/wp-json\/wp\/v2\/posts\/5085\/revisions\/5089"}],"wp:featuredmedia":[{"embeddable":true,"href":"https:\/\/www.ucse.edu.ar\/notiucse\/wp-json\/wp\/v2\/media\/5088"}],"wp:attachment":[{"href":"https:\/\/www.ucse.edu.ar\/notiucse\/wp-json\/wp\/v2\/media?parent=5085"}],"wp:term":[{"taxonomy":"category","embeddable":true,"href":"https:\/\/www.ucse.edu.ar\/notiucse\/wp-json\/wp\/v2\/categories?post=5085"},{"taxonomy":"post_tag","embeddable":true,"href":"https:\/\/www.ucse.edu.ar\/notiucse\/wp-json\/wp\/v2\/tags?post=5085"}],"curies":[{"name":"wp","href":"https:\/\/api.w.org\/{rel}","templated":true}]}}