{"id":5106,"date":"2020-12-01T09:50:01","date_gmt":"2020-12-01T12:50:01","guid":{"rendered":"http:\/\/www.ucse.edu.ar\/notiucse\/?p=5106"},"modified":"2020-12-01T09:50:01","modified_gmt":"2020-12-01T12:50:01","slug":"firma-de-convenio-entre-la-ucse-y-la-defensoria-del-pueblo","status":"publish","type":"post","link":"https:\/\/www.ucse.edu.ar\/notiucse\/2020\/12\/01\/firma-de-convenio-entre-la-ucse-y-la-defensoria-del-pueblo\/","title":{"rendered":"FIRMA DE CONVENIO ENTRE LA UCSE Y LA DEFENSOR\u00cdA DEL PUEBLO"},"content":{"rendered":"<p class=\"x_MsoNormal\" style=\"text-align: justify;\"><a href=\"http:\/\/www.ucse.edu.ar\/notiucse\/wp-content\/uploads\/2020\/12\/3.jpg\"><img fetchpriority=\"high\" decoding=\"async\" class=\"alignnone size-full wp-image-5107\" src=\"http:\/\/www.ucse.edu.ar\/notiucse\/wp-content\/uploads\/2020\/12\/3.jpg\" alt=\"3\" width=\"1001\" height=\"667\" srcset=\"https:\/\/www.ucse.edu.ar\/notiucse\/wp-content\/uploads\/2020\/12\/3.jpg 1001w, https:\/\/www.ucse.edu.ar\/notiucse\/wp-content\/uploads\/2020\/12\/3-300x200.jpg 300w\" sizes=\"(max-width: 1001px) 100vw, 1001px\" \/><\/a><\/p>\n<p class=\"x_MsoNormal\" style=\"text-align: justify;\">El jueves 26 se realiz\u00f3 la firma de convenio entre la Universidad Cat\u00f3lica y la Defensor\u00eda del Pueblo de la Municipalidad de Santiago del Estero con el objetivo crear un marco de relaci\u00f3n institucional para formalizar acciones de mutua cooperaci\u00f3n. Estuvieron presentes el Rector de la UCSE, Ing. Luis Lucena, el Defensor del Pueblo, Lic. Luis Ger; la Decana de la Facultad de Ciencias de la Salud, Lic. Mar\u00eda Rosa Barbar\u00e1n y funcionarios de la Defensor\u00eda.<\/p>\n<p class=\"x_MsoNormal\" style=\"text-align: justify;\">Las actividades y programas a realizar en cumplimiento de convenio firmado, ser\u00e1n acordados por medio de Protocolos Espec\u00edficos, realizados para cada proyecto en particular.<\/p>\n<p class=\"x_MsoNormal\" style=\"text-align: justify;\">Ambas instituciones se comprometen a realizarse acciones tendientes al desarrollo acad\u00e9mico, cient\u00edfico, productivo y cultural, en \u00e1reas tem\u00e1ticas vinculadas a los respectivos fines y funciones.<\/p>\n<p class=\"x_MsoNormal\" style=\"text-align: justify;\">Entre las acciones se destacan: Proyectos de capacitaci\u00f3n y formaci\u00f3n de recursos humanos, cursos de especializaci\u00f3n, conferencias, seminarios, jornadas, entre otros; Servicios de vinculaci\u00f3n y transferencia; El intercambio y la publicaci\u00f3n de informaci\u00f3n cient\u00edfica, material bibliogr\u00e1fico y audiovisual, as\u00ed como de los resultados de proyectos conjuntos.<\/p>\n","protected":false},"excerpt":{"rendered":"<p>El jueves 26 se realiz\u00f3 la firma de convenio entre la Universidad Cat\u00f3lica y la Defensor\u00eda del Pueblo de la Municipalidad de Santiago del Estero con el objetivo crear un marco de relaci\u00f3n institucional para formalizar acciones de mutua cooperaci\u00f3n. Estuvieron presentes el Rector de la UCSE, Ing. Luis Lucena, el Defensor del Pueblo, Lic. [&hellip;]<\/p>\n","protected":false},"author":1,"featured_media":5107,"comment_status":"closed","ping_status":"closed","sticky":false,"template":"","format":"standard","meta":{"_exactmetrics_skip_tracking":false,"_exactmetrics_sitenote_active":false,"_exactmetrics_sitenote_note":"","_exactmetrics_sitenote_category":0,"footnotes":""},"categories":[73,72],"tags":[],"_links":{"self":[{"href":"https:\/\/www.ucse.edu.ar\/notiucse\/wp-json\/wp\/v2\/posts\/5106"}],"collection":[{"href":"https:\/\/www.ucse.edu.ar\/notiucse\/wp-json\/wp\/v2\/posts"}],"about":[{"href":"https:\/\/www.ucse.edu.ar\/notiucse\/wp-json\/wp\/v2\/types\/post"}],"author":[{"embeddable":true,"href":"https:\/\/www.ucse.edu.ar\/notiucse\/wp-json\/wp\/v2\/users\/1"}],"replies":[{"embeddable":true,"href":"https:\/\/www.ucse.edu.ar\/notiucse\/wp-json\/wp\/v2\/comments?post=5106"}],"version-history":[{"count":1,"href":"https:\/\/www.ucse.edu.ar\/notiucse\/wp-json\/wp\/v2\/posts\/5106\/revisions"}],"predecessor-version":[{"id":5108,"href":"https:\/\/www.ucse.edu.ar\/notiucse\/wp-json\/wp\/v2\/posts\/5106\/revisions\/5108"}],"wp:featuredmedia":[{"embeddable":true,"href":"https:\/\/www.ucse.edu.ar\/notiucse\/wp-json\/wp\/v2\/media\/5107"}],"wp:attachment":[{"href":"https:\/\/www.ucse.edu.ar\/notiucse\/wp-json\/wp\/v2\/media?parent=5106"}],"wp:term":[{"taxonomy":"category","embeddable":true,"href":"https:\/\/www.ucse.edu.ar\/notiucse\/wp-json\/wp\/v2\/categories?post=5106"},{"taxonomy":"post_tag","embeddable":true,"href":"https:\/\/www.ucse.edu.ar\/notiucse\/wp-json\/wp\/v2\/tags?post=5106"}],"curies":[{"name":"wp","href":"https:\/\/api.w.org\/{rel}","templated":true}]}}