{"id":5121,"date":"2021-02-09T18:13:40","date_gmt":"2021-02-09T21:13:40","guid":{"rendered":"http:\/\/www.ucse.edu.ar\/notiucse\/?p=5121"},"modified":"2021-02-09T18:13:40","modified_gmt":"2021-02-09T21:13:40","slug":"ingreso-a-la-ucse","status":"publish","type":"post","link":"https:\/\/www.ucse.edu.ar\/notiucse\/2021\/02\/09\/ingreso-a-la-ucse\/","title":{"rendered":"INGRESO A LA UCSE"},"content":{"rendered":"<p style=\"text-align: justify;\"><img fetchpriority=\"high\" decoding=\"async\" class=\"alignnone size-full wp-image-5122\" src=\"http:\/\/www.ucse.edu.ar\/notiucse\/wp-content\/uploads\/2021\/02\/FEBRERO2.jpg\" alt=\"FEBRERO2\" width=\"1001\" height=\"667\" srcset=\"https:\/\/www.ucse.edu.ar\/notiucse\/wp-content\/uploads\/2021\/02\/FEBRERO2.jpg 1001w, https:\/\/www.ucse.edu.ar\/notiucse\/wp-content\/uploads\/2021\/02\/FEBRERO2-300x200.jpg 300w\" sizes=\"(max-width: 1001px) 100vw, 1001px\" \/><\/p>\n<p style=\"text-align: justify;\">En pocos d\u00edas inicia el Curso de Ingreso regular a la UCSE, que ante la emergencia sanitaria que atravesamos, se desarrollar\u00e1 en modalidad virtual del 17 de febrero al 20 de marzo. Las inscripciones est\u00e1n abiertas hasta el d\u00eda que inicia el curso.<\/p>\n<p style=\"text-align: justify;\">Se organiza en diferentes m\u00f3dulos: Reflexi\u00f3n vocacional; la Vida en la Universidad y en los entornos virtuales; introducci\u00f3n a la L\u00f3gica disciplinar y al objeto de estudio. El desarrollo de clases virtuales con clases sincr\u00f3nicas y asincr\u00f3nicas a trav\u00e9s de las plataformas UCSE. Cada aspirante ser\u00e1 acompa\u00f1ado por su tutor.<\/p>\n<p style=\"text-align: justify;\">El Curso de Ingreso, tambi\u00e9n llamado programa de Integraci\u00f3n a la Universidad, es un proceso de acompa\u00f1amiento a los futuros alumnos en la adaptaci\u00f3n, transformaci\u00f3n y reorganizaci\u00f3n personal y familiar que requiere la inserci\u00f3n acad\u00e9mica. Docentes y tutores participan activamente para acompa\u00f1ar el proceso de manera personalizada.<\/p>\n","protected":false},"excerpt":{"rendered":"<p>En pocos d\u00edas inicia el Curso de Ingreso regular a la UCSE, que ante la emergencia sanitaria que atravesamos, se desarrollar\u00e1 en modalidad virtual del 17 de febrero al 20 de marzo. Las inscripciones est\u00e1n abiertas hasta el d\u00eda que inicia el curso. Se organiza en diferentes m\u00f3dulos: Reflexi\u00f3n vocacional; la Vida en la Universidad [&hellip;]<\/p>\n","protected":false},"author":1,"featured_media":5122,"comment_status":"closed","ping_status":"closed","sticky":false,"template":"","format":"standard","meta":{"_exactmetrics_skip_tracking":false,"_exactmetrics_sitenote_active":false,"_exactmetrics_sitenote_note":"","_exactmetrics_sitenote_category":0,"footnotes":""},"categories":[73,72],"tags":[],"_links":{"self":[{"href":"https:\/\/www.ucse.edu.ar\/notiucse\/wp-json\/wp\/v2\/posts\/5121"}],"collection":[{"href":"https:\/\/www.ucse.edu.ar\/notiucse\/wp-json\/wp\/v2\/posts"}],"about":[{"href":"https:\/\/www.ucse.edu.ar\/notiucse\/wp-json\/wp\/v2\/types\/post"}],"author":[{"embeddable":true,"href":"https:\/\/www.ucse.edu.ar\/notiucse\/wp-json\/wp\/v2\/users\/1"}],"replies":[{"embeddable":true,"href":"https:\/\/www.ucse.edu.ar\/notiucse\/wp-json\/wp\/v2\/comments?post=5121"}],"version-history":[{"count":1,"href":"https:\/\/www.ucse.edu.ar\/notiucse\/wp-json\/wp\/v2\/posts\/5121\/revisions"}],"predecessor-version":[{"id":5123,"href":"https:\/\/www.ucse.edu.ar\/notiucse\/wp-json\/wp\/v2\/posts\/5121\/revisions\/5123"}],"wp:featuredmedia":[{"embeddable":true,"href":"https:\/\/www.ucse.edu.ar\/notiucse\/wp-json\/wp\/v2\/media\/5122"}],"wp:attachment":[{"href":"https:\/\/www.ucse.edu.ar\/notiucse\/wp-json\/wp\/v2\/media?parent=5121"}],"wp:term":[{"taxonomy":"category","embeddable":true,"href":"https:\/\/www.ucse.edu.ar\/notiucse\/wp-json\/wp\/v2\/categories?post=5121"},{"taxonomy":"post_tag","embeddable":true,"href":"https:\/\/www.ucse.edu.ar\/notiucse\/wp-json\/wp\/v2\/tags?post=5121"}],"curies":[{"name":"wp","href":"https:\/\/api.w.org\/{rel}","templated":true}]}}