{"id":5128,"date":"2021-02-23T16:44:27","date_gmt":"2021-02-23T19:44:27","guid":{"rendered":"http:\/\/www.ucse.edu.ar\/notiucse\/?p=5128"},"modified":"2021-02-23T16:44:27","modified_gmt":"2021-02-23T19:44:27","slug":"primera-reunion-de-consejo-de-departamento","status":"publish","type":"post","link":"https:\/\/www.ucse.edu.ar\/notiucse\/2021\/02\/23\/primera-reunion-de-consejo-de-departamento\/","title":{"rendered":"PRIMERA REUNI\u00d3N DE CONSEJO DE DEPARTAMENTO"},"content":{"rendered":"<p style=\"text-align: justify;\"><img fetchpriority=\"high\" decoding=\"async\" class=\"alignnone size-full wp-image-5129\" src=\"http:\/\/www.ucse.edu.ar\/notiucse\/wp-content\/uploads\/2021\/02\/FEBRERO5.jpg\" alt=\"FEBRERO5\" width=\"1001\" height=\"667\" srcset=\"https:\/\/www.ucse.edu.ar\/notiucse\/wp-content\/uploads\/2021\/02\/FEBRERO5.jpg 1001w, https:\/\/www.ucse.edu.ar\/notiucse\/wp-content\/uploads\/2021\/02\/FEBRERO5-300x200.jpg 300w\" sizes=\"(max-width: 1001px) 100vw, 1001px\" \/><\/p>\n<p style=\"text-align: justify;\">El viernes 12 de febrero, de manera virtual, se llev\u00f3 a cabo la primera reuni\u00f3n mensual del a\u00f1o del Consejo de Departamento del DAR.<\/p>\n<p style=\"text-align: justify;\">De acuerdo a las normas estatutarias y reglamentarias vigentes, se encuentra conformado por el Decano (Abog. Edgardo Allochis), que lo preside; los Directores de Carreras (Lic. Natalia Velata; Lic. Alejandra Leonardi; CPN. Maximiliano Tessio; Ing. Dar\u00edo Karchesky; Lic. Alejandro Fr\u00edas; CPN. Ricardo Bongiovanni; Abog. Mar\u00eda de Bel\u00e9n Sosa; y Lic. Ma. Gabriela Lamy); los consejeros representantes del Claustro Docente (Ing. Guillermo Biderbosts; Abog. Eduardo Bernacchia; Ing. Jorge Duarte y Lic. Ver\u00f3nica Armando); y la representante estudiantil (Micaela Santi).<\/p>\n<p style=\"text-align: justify;\">Participan a los fines de efectuar el acta respectiva y generar aportes vinculados al \u00e1rea acad\u00e9mica, la Secretaria Acad\u00e9mica Ing. Sonia Gor y su colaboradora Lic. Carolina Pelegry y se invita a participar a la Secretaria de Extensi\u00f3n Lic. Yamila Gagliardo, a la Secretaria de Administraci\u00f3n Lic. Ma. Celeste Dayer y al Coordinador del \u00c1rea de Investigaci\u00f3n Dr. Rodolfo Arancibia, en la medida en que tenga temas para presentar y\/o que requieran tratamiento de los Sres. Consejeros.<\/p>\n<p style=\"text-align: justify;\">La sesi\u00f3n de febrero se realiz\u00f3 de manera virtual, para garantizar la participaci\u00f3n de todos los miembros, atendiendo a las particularidades de esta \u00e9poca de pandemia por el Covid19 y las autorizaciones vigentes. Se aprob\u00f3 el cronograma de reuniones y la convocatoria para ayudant\u00edas estudiantiles 2021. Adem\u00e1s, brindaron informes el Decano y los Directores de Carrera. Se aprobaron designaciones docentes y actividades acad\u00e9micas y de extensi\u00f3n.<\/p>\n","protected":false},"excerpt":{"rendered":"<p>El viernes 12 de febrero, de manera virtual, se llev\u00f3 a cabo la primera reuni\u00f3n mensual del a\u00f1o del Consejo de Departamento del DAR. De acuerdo a las normas estatutarias y reglamentarias vigentes, se encuentra conformado por el Decano (Abog. Edgardo Allochis), que lo preside; los Directores de Carreras (Lic. Natalia Velata; Lic. Alejandra Leonardi; [&hellip;]<\/p>\n","protected":false},"author":1,"featured_media":5129,"comment_status":"closed","ping_status":"closed","sticky":false,"template":"","format":"standard","meta":{"_exactmetrics_skip_tracking":false,"_exactmetrics_sitenote_active":false,"_exactmetrics_sitenote_note":"","_exactmetrics_sitenote_category":0,"footnotes":""},"categories":[20],"tags":[],"_links":{"self":[{"href":"https:\/\/www.ucse.edu.ar\/notiucse\/wp-json\/wp\/v2\/posts\/5128"}],"collection":[{"href":"https:\/\/www.ucse.edu.ar\/notiucse\/wp-json\/wp\/v2\/posts"}],"about":[{"href":"https:\/\/www.ucse.edu.ar\/notiucse\/wp-json\/wp\/v2\/types\/post"}],"author":[{"embeddable":true,"href":"https:\/\/www.ucse.edu.ar\/notiucse\/wp-json\/wp\/v2\/users\/1"}],"replies":[{"embeddable":true,"href":"https:\/\/www.ucse.edu.ar\/notiucse\/wp-json\/wp\/v2\/comments?post=5128"}],"version-history":[{"count":1,"href":"https:\/\/www.ucse.edu.ar\/notiucse\/wp-json\/wp\/v2\/posts\/5128\/revisions"}],"predecessor-version":[{"id":5130,"href":"https:\/\/www.ucse.edu.ar\/notiucse\/wp-json\/wp\/v2\/posts\/5128\/revisions\/5130"}],"wp:featuredmedia":[{"embeddable":true,"href":"https:\/\/www.ucse.edu.ar\/notiucse\/wp-json\/wp\/v2\/media\/5129"}],"wp:attachment":[{"href":"https:\/\/www.ucse.edu.ar\/notiucse\/wp-json\/wp\/v2\/media?parent=5128"}],"wp:term":[{"taxonomy":"category","embeddable":true,"href":"https:\/\/www.ucse.edu.ar\/notiucse\/wp-json\/wp\/v2\/categories?post=5128"},{"taxonomy":"post_tag","embeddable":true,"href":"https:\/\/www.ucse.edu.ar\/notiucse\/wp-json\/wp\/v2\/tags?post=5128"}],"curies":[{"name":"wp","href":"https:\/\/api.w.org\/{rel}","templated":true}]}}