{"id":513,"date":"2013-12-18T12:59:12","date_gmt":"2013-12-18T12:59:12","guid":{"rendered":"http:\/\/www.ucse.edu.ar\/notiucse\/?p=513"},"modified":"2013-12-18T12:59:12","modified_gmt":"2013-12-18T12:59:12","slug":"se-realizo-en-la-sede-rafaela-el-taller-de-discusion-sobre-el-nuevo-sistema-procesal-penal","status":"publish","type":"post","link":"https:\/\/www.ucse.edu.ar\/notiucse\/2013\/12\/18\/se-realizo-en-la-sede-rafaela-el-taller-de-discusion-sobre-el-nuevo-sistema-procesal-penal\/","title":{"rendered":"Se realiz\u00f3 en la Sede Rafaela el taller de Discusi\u00f3n sobre el Nuevo Sistema Procesal Penal"},"content":{"rendered":"<p>Durante los meses de octubre y noviembre se realizaron las Jornadas sobre &#8220;Implementaci\u00f3n de la Reforma Procesal Penal&#8221;, organizadas por la UCSE.DAR.<\/p>\n<p>Asistieron autoridades judiciales, del Colegio de Abogados, funcionarios del nuevo sistema penal, abogados, empleados, docentes y alumnos de la entidad anfitriona, en cuyo Sal\u00f3n Auditorio se llev\u00f3 a cabo la actividad.<\/p>\n<p>El taller cont\u00f3 con la participaci\u00f3n especial de Jos\u00e9 Ignacio <i>Rau Atria,<\/i> penalista y funcionario del sistema judicial en lo procedimental penal de Chile, modelo en base al cual se dise\u00f1\u00f3 el que se pondr\u00e1 en pr\u00e1ctica <i>en la provincia de<\/i> Santa Fe.<\/p>\n<p>&nbsp;<\/p>\n<p style=\"text-align: center;\"><a href=\"http:\/\/www.ucse.edu.ar\/notiucse\/wp-content\/uploads\/2013\/12\/TALLER-DE-DISCUSI\u00d3N.jpg\"><img fetchpriority=\"high\" decoding=\"async\" class=\"aligncenter  wp-image-511\" alt=\"TALLER DE DISCUSI\u00d3N\" src=\"http:\/\/www.ucse.edu.ar\/notiucse\/wp-content\/uploads\/2013\/12\/TALLER-DE-DISCUSI\u00d3N.jpg\" width=\"649\" height=\"1152\" srcset=\"https:\/\/www.ucse.edu.ar\/notiucse\/wp-content\/uploads\/2013\/12\/TALLER-DE-DISCUSI\u00d3N.jpg 2252w, https:\/\/www.ucse.edu.ar\/notiucse\/wp-content\/uploads\/2013\/12\/TALLER-DE-DISCUSI\u00d3N-e1387371420301-84x150.jpg 84w\" sizes=\"(max-width: 649px) 100vw, 649px\" \/><\/a><\/p>\n","protected":false},"excerpt":{"rendered":"<p>Durante los meses de octubre y noviembre se realizaron las Jornadas sobre &#8220;Implementaci\u00f3n de la Reforma Procesal Penal&#8221;, organizadas por la UCSE.DAR. Asistieron autoridades judiciales, del Colegio de Abogados, funcionarios del nuevo sistema penal, abogados, empleados, docentes y alumnos de la entidad anfitriona, en cuyo Sal\u00f3n Auditorio se llev\u00f3 a cabo la actividad. El taller [&hellip;]<\/p>\n","protected":false},"author":1,"featured_media":514,"comment_status":"closed","ping_status":"closed","sticky":false,"template":"","format":"standard","meta":{"_exactmetrics_skip_tracking":false,"_exactmetrics_sitenote_active":false,"_exactmetrics_sitenote_note":"","_exactmetrics_sitenote_category":0,"footnotes":""},"categories":[20],"tags":[35],"_links":{"self":[{"href":"https:\/\/www.ucse.edu.ar\/notiucse\/wp-json\/wp\/v2\/posts\/513"}],"collection":[{"href":"https:\/\/www.ucse.edu.ar\/notiucse\/wp-json\/wp\/v2\/posts"}],"about":[{"href":"https:\/\/www.ucse.edu.ar\/notiucse\/wp-json\/wp\/v2\/types\/post"}],"author":[{"embeddable":true,"href":"https:\/\/www.ucse.edu.ar\/notiucse\/wp-json\/wp\/v2\/users\/1"}],"replies":[{"embeddable":true,"href":"https:\/\/www.ucse.edu.ar\/notiucse\/wp-json\/wp\/v2\/comments?post=513"}],"version-history":[{"count":1,"href":"https:\/\/www.ucse.edu.ar\/notiucse\/wp-json\/wp\/v2\/posts\/513\/revisions"}],"predecessor-version":[{"id":515,"href":"https:\/\/www.ucse.edu.ar\/notiucse\/wp-json\/wp\/v2\/posts\/513\/revisions\/515"}],"wp:featuredmedia":[{"embeddable":true,"href":"https:\/\/www.ucse.edu.ar\/notiucse\/wp-json\/wp\/v2\/media\/514"}],"wp:attachment":[{"href":"https:\/\/www.ucse.edu.ar\/notiucse\/wp-json\/wp\/v2\/media?parent=513"}],"wp:term":[{"taxonomy":"category","embeddable":true,"href":"https:\/\/www.ucse.edu.ar\/notiucse\/wp-json\/wp\/v2\/categories?post=513"},{"taxonomy":"post_tag","embeddable":true,"href":"https:\/\/www.ucse.edu.ar\/notiucse\/wp-json\/wp\/v2\/tags?post=513"}],"curies":[{"name":"wp","href":"https:\/\/api.w.org\/{rel}","templated":true}]}}