{"id":5137,"date":"2021-02-23T17:19:11","date_gmt":"2021-02-23T20:19:11","guid":{"rendered":"http:\/\/www.ucse.edu.ar\/notiucse\/?p=5137"},"modified":"2021-02-23T17:52:04","modified_gmt":"2021-02-23T20:52:04","slug":"se-celebro-misa-por-inicio-de-cuaresma","status":"publish","type":"post","link":"https:\/\/www.ucse.edu.ar\/notiucse\/2021\/02\/23\/se-celebro-misa-por-inicio-de-cuaresma\/","title":{"rendered":"SE CELEBR\u00d3 MISA POR INICIO DE CUARESMA"},"content":{"rendered":"<p class=\"x_MsoNormal\"><img fetchpriority=\"high\" decoding=\"async\" class=\"alignnone size-full wp-image-5138\" src=\"http:\/\/www.ucse.edu.ar\/notiucse\/wp-content\/uploads\/2021\/02\/FEBRERO8.jpg\" alt=\"FEBRERO8\" width=\"1001\" height=\"667\" srcset=\"https:\/\/www.ucse.edu.ar\/notiucse\/wp-content\/uploads\/2021\/02\/FEBRERO8.jpg 1001w, https:\/\/www.ucse.edu.ar\/notiucse\/wp-content\/uploads\/2021\/02\/FEBRERO8-300x200.jpg 300w\" sizes=\"(max-width: 1001px) 100vw, 1001px\" \/><\/p>\n<p class=\"x_MsoNormal\"><span lang=\"ES-AR\">El mi\u00e9rcoles 17 de febrero, se llev\u00f3 a cabo la misa por el inicio de la cuaresma. La misma se realiz\u00f3 en la Capilla Nuestra se\u00f1ora de la Misericordia, que se encuentra ubicada en la Universidad Cat\u00f3lica de Santiago del Estero. \u00a0<\/span><\/p>\n<p class=\"x_MsoNormal\"><span lang=\"ES-AR\">La celebraci\u00f3n del mi\u00e9rcoles de ceniza estuvo a cargo de Fray V\u00edctor Fern\u00e1ndez OP. Cont\u00f3 con la presencia de las principales autoridades de la UCSE, respetando los protocolos contra el COVID 19. Asimismo, se transmiti\u00f3 en vivo, a trav\u00e9s del canal de YouTube UCSE tv.\u00a0<\/span><\/p>\n<p class=\"x_MsoNormal\"><span lang=\"ES-AR\">Para poder volver a ver la misa, el link es: https:\/\/www.youtube.com\/watch?v=jE9H1WqEGas\u00a0<\/span><\/p>\n","protected":false},"excerpt":{"rendered":"<p>El mi\u00e9rcoles 17 de febrero, se llev\u00f3 a cabo la misa por el inicio de la cuaresma. La misma se realiz\u00f3 en la Capilla Nuestra se\u00f1ora de la Misericordia, que se encuentra ubicada en la Universidad Cat\u00f3lica de Santiago del Estero. \u00a0 La celebraci\u00f3n del mi\u00e9rcoles de ceniza estuvo a cargo de Fray V\u00edctor Fern\u00e1ndez [&hellip;]<\/p>\n","protected":false},"author":1,"featured_media":5138,"comment_status":"closed","ping_status":"closed","sticky":false,"template":"","format":"standard","meta":{"_exactmetrics_skip_tracking":false,"_exactmetrics_sitenote_active":false,"_exactmetrics_sitenote_note":"","_exactmetrics_sitenote_category":0,"footnotes":""},"categories":[73,72],"tags":[],"_links":{"self":[{"href":"https:\/\/www.ucse.edu.ar\/notiucse\/wp-json\/wp\/v2\/posts\/5137"}],"collection":[{"href":"https:\/\/www.ucse.edu.ar\/notiucse\/wp-json\/wp\/v2\/posts"}],"about":[{"href":"https:\/\/www.ucse.edu.ar\/notiucse\/wp-json\/wp\/v2\/types\/post"}],"author":[{"embeddable":true,"href":"https:\/\/www.ucse.edu.ar\/notiucse\/wp-json\/wp\/v2\/users\/1"}],"replies":[{"embeddable":true,"href":"https:\/\/www.ucse.edu.ar\/notiucse\/wp-json\/wp\/v2\/comments?post=5137"}],"version-history":[{"count":1,"href":"https:\/\/www.ucse.edu.ar\/notiucse\/wp-json\/wp\/v2\/posts\/5137\/revisions"}],"predecessor-version":[{"id":5139,"href":"https:\/\/www.ucse.edu.ar\/notiucse\/wp-json\/wp\/v2\/posts\/5137\/revisions\/5139"}],"wp:featuredmedia":[{"embeddable":true,"href":"https:\/\/www.ucse.edu.ar\/notiucse\/wp-json\/wp\/v2\/media\/5138"}],"wp:attachment":[{"href":"https:\/\/www.ucse.edu.ar\/notiucse\/wp-json\/wp\/v2\/media?parent=5137"}],"wp:term":[{"taxonomy":"category","embeddable":true,"href":"https:\/\/www.ucse.edu.ar\/notiucse\/wp-json\/wp\/v2\/categories?post=5137"},{"taxonomy":"post_tag","embeddable":true,"href":"https:\/\/www.ucse.edu.ar\/notiucse\/wp-json\/wp\/v2\/tags?post=5137"}],"curies":[{"name":"wp","href":"https:\/\/api.w.org\/{rel}","templated":true}]}}