{"id":516,"date":"2013-12-18T08:02:33","date_gmt":"2013-12-18T08:02:33","guid":{"rendered":"http:\/\/www.ucse.edu.ar\/notiucse\/?p=516"},"modified":"2013-12-18T13:07:47","modified_gmt":"2013-12-18T13:07:47","slug":"participacion-de-directivos-y-docentes-de-la-sede-rafaela-en-el-encuentro-de-investigadores","status":"publish","type":"post","link":"https:\/\/www.ucse.edu.ar\/notiucse\/2013\/12\/18\/participacion-de-directivos-y-docentes-de-la-sede-rafaela-en-el-encuentro-de-investigadores\/","title":{"rendered":"Participaci\u00f3n de directivos y docentes de la Sede Rafaela en el Encuentro de Investigadores."},"content":{"rendered":"<p>En la sede central de la Universidad se realiz\u00f3 un importante Encuentro de Investigadores, destinado a los especialistas en las respectivas \u00e1reas de las tres subsedes de la casa de estudio.<\/p>\n<p>El prop\u00f3sito del encuentro, impulsado por \u00a0Resoluci\u00f3n Interna, \u00a0fue \u201csocializar las producciones cient\u00edfico \u2013acad\u00e9micas de la UCSE para conocer su impacto, relevancia, pertenencia y fortalecer la visibilidad institucional\u201d.<\/p>\n<p>Del mismo participaron diferentes directivos y docentes investigadores del Departamento Acad\u00e9mico Rafaela.<\/p>\n<p style=\"text-align: center;\"><a href=\"http:\/\/www.ucse.edu.ar\/notiucse\/wp-content\/uploads\/2013\/12\/ENCUENTRO-DE-INVESTIGADORES.jpg\"><img fetchpriority=\"high\" decoding=\"async\" class=\"aligncenter  wp-image-508\" alt=\"ENCUENTRO DE INVESTIGADORES\" src=\"http:\/\/www.ucse.edu.ar\/notiucse\/wp-content\/uploads\/2013\/12\/ENCUENTRO-DE-INVESTIGADORES.jpg\" width=\"885\" height=\"663\" srcset=\"https:\/\/www.ucse.edu.ar\/notiucse\/wp-content\/uploads\/2013\/12\/ENCUENTRO-DE-INVESTIGADORES.jpg 3072w, https:\/\/www.ucse.edu.ar\/notiucse\/wp-content\/uploads\/2013\/12\/ENCUENTRO-DE-INVESTIGADORES-300x225.jpg 300w, https:\/\/www.ucse.edu.ar\/notiucse\/wp-content\/uploads\/2013\/12\/ENCUENTRO-DE-INVESTIGADORES-1024x768.jpg 1024w\" sizes=\"(max-width: 885px) 100vw, 885px\" \/><\/a><\/p>\n","protected":false},"excerpt":{"rendered":"<p>En la sede central de la Universidad se realiz\u00f3 un importante Encuentro de Investigadores, destinado a los especialistas en las respectivas \u00e1reas de las tres subsedes de la casa de estudio. El prop\u00f3sito del encuentro, impulsado por \u00a0Resoluci\u00f3n Interna, \u00a0fue \u201csocializar las producciones cient\u00edfico \u2013acad\u00e9micas de la UCSE para conocer su impacto, relevancia, pertenencia y [&hellip;]<\/p>\n","protected":false},"author":1,"featured_media":508,"comment_status":"closed","ping_status":"closed","sticky":false,"template":"","format":"standard","meta":{"_exactmetrics_skip_tracking":false,"_exactmetrics_sitenote_active":false,"_exactmetrics_sitenote_note":"","_exactmetrics_sitenote_category":0,"footnotes":""},"categories":[20],"tags":[35,38],"_links":{"self":[{"href":"https:\/\/www.ucse.edu.ar\/notiucse\/wp-json\/wp\/v2\/posts\/516"}],"collection":[{"href":"https:\/\/www.ucse.edu.ar\/notiucse\/wp-json\/wp\/v2\/posts"}],"about":[{"href":"https:\/\/www.ucse.edu.ar\/notiucse\/wp-json\/wp\/v2\/types\/post"}],"author":[{"embeddable":true,"href":"https:\/\/www.ucse.edu.ar\/notiucse\/wp-json\/wp\/v2\/users\/1"}],"replies":[{"embeddable":true,"href":"https:\/\/www.ucse.edu.ar\/notiucse\/wp-json\/wp\/v2\/comments?post=516"}],"version-history":[{"count":1,"href":"https:\/\/www.ucse.edu.ar\/notiucse\/wp-json\/wp\/v2\/posts\/516\/revisions"}],"predecessor-version":[{"id":517,"href":"https:\/\/www.ucse.edu.ar\/notiucse\/wp-json\/wp\/v2\/posts\/516\/revisions\/517"}],"wp:featuredmedia":[{"embeddable":true,"href":"https:\/\/www.ucse.edu.ar\/notiucse\/wp-json\/wp\/v2\/media\/508"}],"wp:attachment":[{"href":"https:\/\/www.ucse.edu.ar\/notiucse\/wp-json\/wp\/v2\/media?parent=516"}],"wp:term":[{"taxonomy":"category","embeddable":true,"href":"https:\/\/www.ucse.edu.ar\/notiucse\/wp-json\/wp\/v2\/categories?post=516"},{"taxonomy":"post_tag","embeddable":true,"href":"https:\/\/www.ucse.edu.ar\/notiucse\/wp-json\/wp\/v2\/tags?post=516"}],"curies":[{"name":"wp","href":"https:\/\/api.w.org\/{rel}","templated":true}]}}