{"id":518,"date":"2013-12-16T13:07:57","date_gmt":"2013-12-16T13:07:57","guid":{"rendered":"http:\/\/www.ucse.edu.ar\/notiucse\/?p=518"},"modified":"2013-12-18T13:11:26","modified_gmt":"2013-12-18T13:11:26","slug":"ciclo-de-cine-debate-en-la-sede-rafaela","status":"publish","type":"post","link":"https:\/\/www.ucse.edu.ar\/notiucse\/2013\/12\/16\/ciclo-de-cine-debate-en-la-sede-rafaela\/","title":{"rendered":"Ciclo de Cine &#8211; Debate en la Sede Rafaela"},"content":{"rendered":"<p>Durante el mes de octubre se\u00a0realiz\u00f3 el\u00a0ciclo de cine-debate \u201cAvatares en la adolescencia\u201d en la Escuela de Educaci\u00f3n T\u00e9cnica Profesional\u00a0 N\u00b0 495 \u201cMalvinas Argentinas\u201d.<\/p>\n<p>La actividad estuvo a cargo de la Lic. en Psicolog\u00eda Priscila Coppes\u00a0y de la \u00a0estudiante de la Licenciatura\u00a0 en Psicolog\u00eda, Eliana Riera, representando a la UCSE DAR.<\/p>\n<p>El objetivo del encuentro fue generar un espacio que posibilite a los adolescentes reflexionar sobre la tem\u00e1tica de la violencia en los \u00e1mbitos deportivo, escolar y de g\u00e9nero.<\/p>\n<p>&nbsp;<\/p>\n<p style=\"text-align: center;\"><a href=\"http:\/\/www.ucse.edu.ar\/notiucse\/wp-content\/uploads\/2013\/12\/PB1101791.jpg\"><img fetchpriority=\"high\" decoding=\"async\" class=\"aligncenter  wp-image-509\" alt=\"PB110179[1]\" src=\"http:\/\/www.ucse.edu.ar\/notiucse\/wp-content\/uploads\/2013\/12\/PB1101791.jpg\" width=\"691\" height=\"518\" srcset=\"https:\/\/www.ucse.edu.ar\/notiucse\/wp-content\/uploads\/2013\/12\/PB1101791.jpg 4000w, https:\/\/www.ucse.edu.ar\/notiucse\/wp-content\/uploads\/2013\/12\/PB1101791-300x225.jpg 300w, https:\/\/www.ucse.edu.ar\/notiucse\/wp-content\/uploads\/2013\/12\/PB1101791-1024x768.jpg 1024w\" sizes=\"(max-width: 691px) 100vw, 691px\" \/><\/a><\/p>\n","protected":false},"excerpt":{"rendered":"<p>Durante el mes de octubre se\u00a0realiz\u00f3 el\u00a0ciclo de cine-debate \u201cAvatares en la adolescencia\u201d en la Escuela de Educaci\u00f3n T\u00e9cnica Profesional\u00a0 N\u00b0 495 \u201cMalvinas Argentinas\u201d. La actividad estuvo a cargo de la Lic. en Psicolog\u00eda Priscila Coppes\u00a0y de la \u00a0estudiante de la Licenciatura\u00a0 en Psicolog\u00eda, Eliana Riera, representando a la UCSE DAR. El objetivo del encuentro [&hellip;]<\/p>\n","protected":false},"author":1,"featured_media":509,"comment_status":"closed","ping_status":"closed","sticky":false,"template":"","format":"standard","meta":{"_exactmetrics_skip_tracking":false,"_exactmetrics_sitenote_active":false,"_exactmetrics_sitenote_note":"","_exactmetrics_sitenote_category":0,"footnotes":""},"categories":[20],"tags":[52,35],"_links":{"self":[{"href":"https:\/\/www.ucse.edu.ar\/notiucse\/wp-json\/wp\/v2\/posts\/518"}],"collection":[{"href":"https:\/\/www.ucse.edu.ar\/notiucse\/wp-json\/wp\/v2\/posts"}],"about":[{"href":"https:\/\/www.ucse.edu.ar\/notiucse\/wp-json\/wp\/v2\/types\/post"}],"author":[{"embeddable":true,"href":"https:\/\/www.ucse.edu.ar\/notiucse\/wp-json\/wp\/v2\/users\/1"}],"replies":[{"embeddable":true,"href":"https:\/\/www.ucse.edu.ar\/notiucse\/wp-json\/wp\/v2\/comments?post=518"}],"version-history":[{"count":1,"href":"https:\/\/www.ucse.edu.ar\/notiucse\/wp-json\/wp\/v2\/posts\/518\/revisions"}],"predecessor-version":[{"id":519,"href":"https:\/\/www.ucse.edu.ar\/notiucse\/wp-json\/wp\/v2\/posts\/518\/revisions\/519"}],"wp:featuredmedia":[{"embeddable":true,"href":"https:\/\/www.ucse.edu.ar\/notiucse\/wp-json\/wp\/v2\/media\/509"}],"wp:attachment":[{"href":"https:\/\/www.ucse.edu.ar\/notiucse\/wp-json\/wp\/v2\/media?parent=518"}],"wp:term":[{"taxonomy":"category","embeddable":true,"href":"https:\/\/www.ucse.edu.ar\/notiucse\/wp-json\/wp\/v2\/categories?post=518"},{"taxonomy":"post_tag","embeddable":true,"href":"https:\/\/www.ucse.edu.ar\/notiucse\/wp-json\/wp\/v2\/tags?post=518"}],"curies":[{"name":"wp","href":"https:\/\/api.w.org\/{rel}","templated":true}]}}