{"id":5250,"date":"2021-04-13T09:02:57","date_gmt":"2021-04-13T12:02:57","guid":{"rendered":"http:\/\/www.ucse.edu.ar\/notiucse\/?p=5250"},"modified":"2021-04-13T09:02:57","modified_gmt":"2021-04-13T12:02:57","slug":"se-desarrollaron-las-jornadas-jovenes-y-delito","status":"publish","type":"post","link":"https:\/\/www.ucse.edu.ar\/notiucse\/2021\/04\/13\/se-desarrollaron-las-jornadas-jovenes-y-delito\/","title":{"rendered":"SE DESARROLLARON LAS JORNADAS \u201cJ\u00d3VENES Y DELITO\u201d"},"content":{"rendered":"<div style=\"width: 800px;\" class=\"wp-video\"><!--[if lt IE 9]><script>document.createElement('video');<\/script><![endif]-->\n<video class=\"wp-video-shortcode\" id=\"video-5250-1\" width=\"800\" height=\"600\" preload=\"metadata\" controls=\"controls\"><source type=\"video\/mp4\" src=\"http:\/\/www.ucse.edu.ar\/notiucse\/wp-content\/uploads\/2021\/04\/JOVENES-Y-DELITO-RESUMEN.mp4?_=1\" \/><a href=\"http:\/\/www.ucse.edu.ar\/notiucse\/wp-content\/uploads\/2021\/04\/JOVENES-Y-DELITO-RESUMEN.mp4\">http:\/\/www.ucse.edu.ar\/notiucse\/wp-content\/uploads\/2021\/04\/JOVENES-Y-DELITO-RESUMEN.mp4<\/a><\/video><\/div>\n<p style=\"text-align: justify;\">Los d\u00edas 25 y 26 de marzo, entre las 14:00 y las 18:00 hs aproximadamente, se llevaron a cabo de manera virtual las jornadas &#8220;J\u00f3venes y delito: &#8220;Debates actuales sobre reformas legislativas del sistema penal juvenil. Delincuencia juvenil y estereotipos&#8221;, destinadas a profesionales vinculados con la problem\u00e1tica de los adolescentes infractores de la ley penal, estudiantes de Abogac\u00eda, de Licenciatura en Comunicaci\u00f3n Social, Licenciatura en Psicolog\u00eda, y otras carreras afines, as\u00ed como tambi\u00e9n, al p\u00fablico en general. Adem\u00e1s, se invit\u00f3 a los interesados a inscribirse para formar parte de la selecci\u00f3n de ponencias que integraron el programa de actividades de dichas jornadas.<\/p>\n<p style=\"text-align: justify;\">Las jornadas fueron organizadas de manera conjunta por el Ministerio de Seguridad de la Provincia de Santa Fe, la Municipalidad de Rafaela, el Departamento Acad\u00e9mico Rafaela de la Universidad Cat\u00f3lica<\/p>\n<p style=\"text-align: justify;\">de Santiago del Estero; la Secretar\u00eda de Derechos de la Ni\u00f1ez, Adolescencia y Familia &#8211; Delegaci\u00f3n Oeste &#8211; y la Direcci\u00f3n Provincial de Justicia Penal Juvenil &#8211; Casa del Adolescente.<\/p>\n<p style=\"text-align: justify;\">El programa del d\u00eda jueves cont\u00f3 con palabras introductorias a cargo del decano del Departamento Acad\u00e9mico Rafaela de la Universidad Cat\u00f3lica de Santiago del Estero (UCSE), Abog. Edgardo Allochis, y la conferencia inaugural del secretario de Justicia de la provincia de Santa Fe, Abog. Gabriel Somaglia, un primer panel centrado en &#8220;Debates actuales sobre reformas legislativas del sistema penal juvenil&#8221; y la posterior presentaci\u00f3n de ponencias. En la jornada siguiente, tuvo lugar el Taller Participativo: &#8220;Reflexi\u00f3n en torno al estereotipo del delincuente juvenil&#8221;, a cargo de docentes, egresados y alumnos avanzados de la carrera de Abogacia de UCSE DAR. Luego, se realiz\u00f3 el panel: &#8220;Delincuencia juvenil y estereotipos&#8221; y al t\u00e9rmino, la presentaci\u00f3n de ponencias.<\/p>\n","protected":false},"excerpt":{"rendered":"<p>Los d\u00edas 25 y 26 de marzo, entre las 14:00 y las 18:00 hs aproximadamente, se llevaron a cabo de manera virtual las jornadas &#8220;J\u00f3venes y delito: &#8220;Debates actuales sobre reformas legislativas del sistema penal juvenil. Delincuencia juvenil y estereotipos&#8221;, destinadas a profesionales vinculados con la problem\u00e1tica de los adolescentes infractores de la ley penal, [&hellip;]<\/p>\n","protected":false},"author":1,"featured_media":5253,"comment_status":"closed","ping_status":"closed","sticky":false,"template":"","format":"standard","meta":{"_exactmetrics_skip_tracking":false,"_exactmetrics_sitenote_active":false,"_exactmetrics_sitenote_note":"","_exactmetrics_sitenote_category":0,"footnotes":""},"categories":[20],"tags":[],"_links":{"self":[{"href":"https:\/\/www.ucse.edu.ar\/notiucse\/wp-json\/wp\/v2\/posts\/5250"}],"collection":[{"href":"https:\/\/www.ucse.edu.ar\/notiucse\/wp-json\/wp\/v2\/posts"}],"about":[{"href":"https:\/\/www.ucse.edu.ar\/notiucse\/wp-json\/wp\/v2\/types\/post"}],"author":[{"embeddable":true,"href":"https:\/\/www.ucse.edu.ar\/notiucse\/wp-json\/wp\/v2\/users\/1"}],"replies":[{"embeddable":true,"href":"https:\/\/www.ucse.edu.ar\/notiucse\/wp-json\/wp\/v2\/comments?post=5250"}],"version-history":[{"count":1,"href":"https:\/\/www.ucse.edu.ar\/notiucse\/wp-json\/wp\/v2\/posts\/5250\/revisions"}],"predecessor-version":[{"id":5252,"href":"https:\/\/www.ucse.edu.ar\/notiucse\/wp-json\/wp\/v2\/posts\/5250\/revisions\/5252"}],"wp:featuredmedia":[{"embeddable":true,"href":"https:\/\/www.ucse.edu.ar\/notiucse\/wp-json\/wp\/v2\/media\/5253"}],"wp:attachment":[{"href":"https:\/\/www.ucse.edu.ar\/notiucse\/wp-json\/wp\/v2\/media?parent=5250"}],"wp:term":[{"taxonomy":"category","embeddable":true,"href":"https:\/\/www.ucse.edu.ar\/notiucse\/wp-json\/wp\/v2\/categories?post=5250"},{"taxonomy":"post_tag","embeddable":true,"href":"https:\/\/www.ucse.edu.ar\/notiucse\/wp-json\/wp\/v2\/tags?post=5250"}],"curies":[{"name":"wp","href":"https:\/\/api.w.org\/{rel}","templated":true}]}}