{"id":5254,"date":"2021-04-13T09:02:54","date_gmt":"2021-04-13T12:02:54","guid":{"rendered":"http:\/\/www.ucse.edu.ar\/notiucse\/?p=5254"},"modified":"2021-04-13T09:02:54","modified_gmt":"2021-04-13T12:02:54","slug":"reunion-con-alumnos-de-primer-ano-de-todas-las-carreras-del-dar","status":"publish","type":"post","link":"https:\/\/www.ucse.edu.ar\/notiucse\/2021\/04\/13\/reunion-con-alumnos-de-primer-ano-de-todas-las-carreras-del-dar\/","title":{"rendered":"REUNI\u00d3N CON ALUMNOS DE PRIMER A\u00d1O DE TODAS LAS CARRERAS DEL DAR"},"content":{"rendered":"<p style=\"text-align: justify;\"><a href=\"http:\/\/www.ucse.edu.ar\/notiucse\/wp-content\/uploads\/2021\/04\/21.jpg\"><img fetchpriority=\"high\" decoding=\"async\" class=\"alignnone size-full wp-image-5255\" src=\"http:\/\/www.ucse.edu.ar\/notiucse\/wp-content\/uploads\/2021\/04\/21.jpg\" alt=\"2\" width=\"1001\" height=\"667\" srcset=\"https:\/\/www.ucse.edu.ar\/notiucse\/wp-content\/uploads\/2021\/04\/21.jpg 1001w, https:\/\/www.ucse.edu.ar\/notiucse\/wp-content\/uploads\/2021\/04\/21-300x200.jpg 300w\" sizes=\"(max-width: 1001px) 100vw, 1001px\" \/><\/a><\/p>\n<p style=\"text-align: justify;\">El martes 23 de marzo por la tarde se concretaron encuentros virtuales con los alumnos de primer a\u00f1o (ingresantes 2021). Se conformaron dos grupos, que compartieron las reuniones con el Decano, responsables de Secretar\u00edas y Direcciones de Carrera, Depto. Alumnos y del COE. Se inform\u00f3 sobre el inicio de clases, previsto para ellos a partir del lunes 29 de marzo, aspectos salientes del protocolo espec\u00edfico que deber\u00e1n cumplir para el desarrollo de actividades presenciales en el Campus y se realiz\u00f3 un repaso de cuestiones relativas a aspectos acad\u00e9micos y administrativos. La oportunidad tambi\u00e9n result\u00f3 propicia para dar respuestas a consultas puntuales realizadas por los ingresantes y para darles la bienvenida a la instituci\u00f3n, ya ahora como alumnos del DAR.<\/p>\n<p style=\"text-align: justify;\"><span style=\"color: #000000; font-family: 'Times New Roman'; font-size: medium;\">\u00a0<\/span><\/p>\n","protected":false},"excerpt":{"rendered":"<p>El martes 23 de marzo por la tarde se concretaron encuentros virtuales con los alumnos de primer a\u00f1o (ingresantes 2021). Se conformaron dos grupos, que compartieron las reuniones con el Decano, responsables de Secretar\u00edas y Direcciones de Carrera, Depto. Alumnos y del COE. Se inform\u00f3 sobre el inicio de clases, previsto para ellos a partir [&hellip;]<\/p>\n","protected":false},"author":1,"featured_media":5255,"comment_status":"closed","ping_status":"closed","sticky":false,"template":"","format":"standard","meta":{"_exactmetrics_skip_tracking":false,"_exactmetrics_sitenote_active":false,"_exactmetrics_sitenote_note":"","_exactmetrics_sitenote_category":0,"footnotes":""},"categories":[20],"tags":[],"_links":{"self":[{"href":"https:\/\/www.ucse.edu.ar\/notiucse\/wp-json\/wp\/v2\/posts\/5254"}],"collection":[{"href":"https:\/\/www.ucse.edu.ar\/notiucse\/wp-json\/wp\/v2\/posts"}],"about":[{"href":"https:\/\/www.ucse.edu.ar\/notiucse\/wp-json\/wp\/v2\/types\/post"}],"author":[{"embeddable":true,"href":"https:\/\/www.ucse.edu.ar\/notiucse\/wp-json\/wp\/v2\/users\/1"}],"replies":[{"embeddable":true,"href":"https:\/\/www.ucse.edu.ar\/notiucse\/wp-json\/wp\/v2\/comments?post=5254"}],"version-history":[{"count":1,"href":"https:\/\/www.ucse.edu.ar\/notiucse\/wp-json\/wp\/v2\/posts\/5254\/revisions"}],"predecessor-version":[{"id":5256,"href":"https:\/\/www.ucse.edu.ar\/notiucse\/wp-json\/wp\/v2\/posts\/5254\/revisions\/5256"}],"wp:featuredmedia":[{"embeddable":true,"href":"https:\/\/www.ucse.edu.ar\/notiucse\/wp-json\/wp\/v2\/media\/5255"}],"wp:attachment":[{"href":"https:\/\/www.ucse.edu.ar\/notiucse\/wp-json\/wp\/v2\/media?parent=5254"}],"wp:term":[{"taxonomy":"category","embeddable":true,"href":"https:\/\/www.ucse.edu.ar\/notiucse\/wp-json\/wp\/v2\/categories?post=5254"},{"taxonomy":"post_tag","embeddable":true,"href":"https:\/\/www.ucse.edu.ar\/notiucse\/wp-json\/wp\/v2\/tags?post=5254"}],"curies":[{"name":"wp","href":"https:\/\/api.w.org\/{rel}","templated":true}]}}