{"id":5260,"date":"2021-04-13T09:02:48","date_gmt":"2021-04-13T12:02:48","guid":{"rendered":"http:\/\/www.ucse.edu.ar\/notiucse\/?p=5260"},"modified":"2021-04-13T09:02:48","modified_gmt":"2021-04-13T12:02:48","slug":"reunion-mensual-de-consejo-de-departamento","status":"publish","type":"post","link":"https:\/\/www.ucse.edu.ar\/notiucse\/2021\/04\/13\/reunion-mensual-de-consejo-de-departamento\/","title":{"rendered":"REUNION MENSUAL DE CONSEJO DE DEPARTAMENTO"},"content":{"rendered":"<p style=\"text-align: justify;\"><a href=\"http:\/\/www.ucse.edu.ar\/notiucse\/wp-content\/uploads\/2021\/04\/41.jpg\"><img fetchpriority=\"high\" decoding=\"async\" class=\"alignnone size-full wp-image-5261\" src=\"http:\/\/www.ucse.edu.ar\/notiucse\/wp-content\/uploads\/2021\/04\/41.jpg\" alt=\"4\" width=\"1001\" height=\"667\" srcset=\"https:\/\/www.ucse.edu.ar\/notiucse\/wp-content\/uploads\/2021\/04\/41.jpg 1001w, https:\/\/www.ucse.edu.ar\/notiucse\/wp-content\/uploads\/2021\/04\/41-300x200.jpg 300w\" sizes=\"(max-width: 1001px) 100vw, 1001px\" \/><\/a><\/p>\n<p style=\"text-align: justify;\">El viernes 12 de marzo se llev\u00f3 a cabo, en forma virtual, la segunda reuni\u00f3n del a\u00f1o, con la presencia del Decano, los Directores de Carrera, representantes docentes y la representante estudiantil. Tambi\u00e9n participaron, especialmente invitadas, las Secretarias Acad\u00e9mica, de Extensi\u00f3n y de Administraci\u00f3n, y el coordinador de investigaci\u00f3n. En la oportunidad brindaron informes de gesti\u00f3n el Decano y los Directores de Carreras. Tambi\u00e9n se efectuaron propuestas de incorporaci\u00f3n docente por concurso y en forma interina, renuncias docentes y actividades de extensi\u00f3n, entre otros temas.<\/p>\n","protected":false},"excerpt":{"rendered":"<p>El viernes 12 de marzo se llev\u00f3 a cabo, en forma virtual, la segunda reuni\u00f3n del a\u00f1o, con la presencia del Decano, los Directores de Carrera, representantes docentes y la representante estudiantil. Tambi\u00e9n participaron, especialmente invitadas, las Secretarias Acad\u00e9mica, de Extensi\u00f3n y de Administraci\u00f3n, y el coordinador de investigaci\u00f3n. En la oportunidad brindaron informes de [&hellip;]<\/p>\n","protected":false},"author":1,"featured_media":5261,"comment_status":"closed","ping_status":"closed","sticky":false,"template":"","format":"standard","meta":{"_exactmetrics_skip_tracking":false,"_exactmetrics_sitenote_active":false,"_exactmetrics_sitenote_note":"","_exactmetrics_sitenote_category":0,"footnotes":""},"categories":[20],"tags":[],"_links":{"self":[{"href":"https:\/\/www.ucse.edu.ar\/notiucse\/wp-json\/wp\/v2\/posts\/5260"}],"collection":[{"href":"https:\/\/www.ucse.edu.ar\/notiucse\/wp-json\/wp\/v2\/posts"}],"about":[{"href":"https:\/\/www.ucse.edu.ar\/notiucse\/wp-json\/wp\/v2\/types\/post"}],"author":[{"embeddable":true,"href":"https:\/\/www.ucse.edu.ar\/notiucse\/wp-json\/wp\/v2\/users\/1"}],"replies":[{"embeddable":true,"href":"https:\/\/www.ucse.edu.ar\/notiucse\/wp-json\/wp\/v2\/comments?post=5260"}],"version-history":[{"count":1,"href":"https:\/\/www.ucse.edu.ar\/notiucse\/wp-json\/wp\/v2\/posts\/5260\/revisions"}],"predecessor-version":[{"id":5262,"href":"https:\/\/www.ucse.edu.ar\/notiucse\/wp-json\/wp\/v2\/posts\/5260\/revisions\/5262"}],"wp:featuredmedia":[{"embeddable":true,"href":"https:\/\/www.ucse.edu.ar\/notiucse\/wp-json\/wp\/v2\/media\/5261"}],"wp:attachment":[{"href":"https:\/\/www.ucse.edu.ar\/notiucse\/wp-json\/wp\/v2\/media?parent=5260"}],"wp:term":[{"taxonomy":"category","embeddable":true,"href":"https:\/\/www.ucse.edu.ar\/notiucse\/wp-json\/wp\/v2\/categories?post=5260"},{"taxonomy":"post_tag","embeddable":true,"href":"https:\/\/www.ucse.edu.ar\/notiucse\/wp-json\/wp\/v2\/tags?post=5260"}],"curies":[{"name":"wp","href":"https:\/\/api.w.org\/{rel}","templated":true}]}}