{"id":5263,"date":"2021-04-13T09:02:45","date_gmt":"2021-04-13T12:02:45","guid":{"rendered":"http:\/\/www.ucse.edu.ar\/notiucse\/?p=5263"},"modified":"2021-04-13T09:02:45","modified_gmt":"2021-04-13T12:02:45","slug":"conversatorio-violencia-de-genero-y-pandemia-impacto-y-modalidades-de-intervencion-local","status":"publish","type":"post","link":"https:\/\/www.ucse.edu.ar\/notiucse\/2021\/04\/13\/conversatorio-violencia-de-genero-y-pandemia-impacto-y-modalidades-de-intervencion-local\/","title":{"rendered":"CONVERSATORIO: \u201cVIOLENCIA DE G\u00c9NERO Y PANDEMIA: IMPACTO Y MODALIDADES DE INTERVENCI\u00d3N LOCAL\u201d"},"content":{"rendered":"<p style=\"text-align: justify;\"><a href=\"http:\/\/www.ucse.edu.ar\/notiucse\/wp-content\/uploads\/2021\/04\/51.jpg\"><img fetchpriority=\"high\" decoding=\"async\" class=\"alignnone size-full wp-image-5264\" src=\"http:\/\/www.ucse.edu.ar\/notiucse\/wp-content\/uploads\/2021\/04\/51.jpg\" alt=\"5\" width=\"1001\" height=\"667\" srcset=\"https:\/\/www.ucse.edu.ar\/notiucse\/wp-content\/uploads\/2021\/04\/51.jpg 1001w, https:\/\/www.ucse.edu.ar\/notiucse\/wp-content\/uploads\/2021\/04\/51-300x200.jpg 300w\" sizes=\"(max-width: 1001px) 100vw, 1001px\" \/><\/a><\/p>\n<p style=\"text-align: justify;\">En el marco del d\u00eda de la mujer, se desarroll\u00f3 este conversatorio, pensado como un espacio para compartir, dialogar y reflexionar sobre el impacto de la pandemia actual, las modalidades de respuestas a partir de experiencias locales, los nuevos modos de intervenci\u00f3n y abordaje; y los desaf\u00edos que atraviesa la lucha por la eliminaci\u00f3n de la violencia hacia las mujeres.<\/p>\n<p style=\"text-align: justify;\">Tuvo lugar el jueves 11 de marzo por la tarde, de manera virtual. Participaron como expositores, profesionales de los equipos interdisciplinarios de la Secci\u00f3n de Violencia de G\u00e9nero, Familiar y Sexual de la Unidad Fiscal Rafaela del Ministerio P\u00fablico de la Acusaci\u00f3n; del Centro de Asistencia Judicial de la Direcci\u00f3n Provincial de Acceso a la Justicia y Asistencia Judicial, dependiente del Ministerio de Gobierno, Justicia, Derechos Humanos y Diversidad; y de la Oficina de Prevenci\u00f3n y Atenci\u00f3n a las Violencias de G\u00e9nero de la Municipalidad de Rafaela. Cont\u00f3 con la participaci\u00f3n de un nutrido p\u00fablico interesado en la tem\u00e1tica, siendo algunos de ellos profesionales de \u00e1reas afines de localidades vecinas. Luego de las exposiciones, se abri\u00f3 un interesante espacio de intercambio y conclusiones.<\/p>\n<p style=\"text-align: justify;\">La actividad fue organizada por la Direcci\u00f3n de la carrera de Lic. en Psicolog\u00eda y qued\u00f3 disponible para ser consultado, en el canal de YouTube de la sede (UCSEDAR).<\/p>\n","protected":false},"excerpt":{"rendered":"<p>En el marco del d\u00eda de la mujer, se desarroll\u00f3 este conversatorio, pensado como un espacio para compartir, dialogar y reflexionar sobre el impacto de la pandemia actual, las modalidades de respuestas a partir de experiencias locales, los nuevos modos de intervenci\u00f3n y abordaje; y los desaf\u00edos que atraviesa la lucha por la eliminaci\u00f3n de [&hellip;]<\/p>\n","protected":false},"author":1,"featured_media":5264,"comment_status":"closed","ping_status":"closed","sticky":false,"template":"","format":"standard","meta":{"_exactmetrics_skip_tracking":false,"_exactmetrics_sitenote_active":false,"_exactmetrics_sitenote_note":"","_exactmetrics_sitenote_category":0,"footnotes":""},"categories":[20],"tags":[],"_links":{"self":[{"href":"https:\/\/www.ucse.edu.ar\/notiucse\/wp-json\/wp\/v2\/posts\/5263"}],"collection":[{"href":"https:\/\/www.ucse.edu.ar\/notiucse\/wp-json\/wp\/v2\/posts"}],"about":[{"href":"https:\/\/www.ucse.edu.ar\/notiucse\/wp-json\/wp\/v2\/types\/post"}],"author":[{"embeddable":true,"href":"https:\/\/www.ucse.edu.ar\/notiucse\/wp-json\/wp\/v2\/users\/1"}],"replies":[{"embeddable":true,"href":"https:\/\/www.ucse.edu.ar\/notiucse\/wp-json\/wp\/v2\/comments?post=5263"}],"version-history":[{"count":1,"href":"https:\/\/www.ucse.edu.ar\/notiucse\/wp-json\/wp\/v2\/posts\/5263\/revisions"}],"predecessor-version":[{"id":5265,"href":"https:\/\/www.ucse.edu.ar\/notiucse\/wp-json\/wp\/v2\/posts\/5263\/revisions\/5265"}],"wp:featuredmedia":[{"embeddable":true,"href":"https:\/\/www.ucse.edu.ar\/notiucse\/wp-json\/wp\/v2\/media\/5264"}],"wp:attachment":[{"href":"https:\/\/www.ucse.edu.ar\/notiucse\/wp-json\/wp\/v2\/media?parent=5263"}],"wp:term":[{"taxonomy":"category","embeddable":true,"href":"https:\/\/www.ucse.edu.ar\/notiucse\/wp-json\/wp\/v2\/categories?post=5263"},{"taxonomy":"post_tag","embeddable":true,"href":"https:\/\/www.ucse.edu.ar\/notiucse\/wp-json\/wp\/v2\/tags?post=5263"}],"curies":[{"name":"wp","href":"https:\/\/api.w.org\/{rel}","templated":true}]}}