{"id":5266,"date":"2021-04-13T09:02:43","date_gmt":"2021-04-13T12:02:43","guid":{"rendered":"http:\/\/www.ucse.edu.ar\/notiucse\/?p=5266"},"modified":"2021-04-13T09:02:43","modified_gmt":"2021-04-13T12:02:43","slug":"participacion-en-la-primera-reunion-del-consejo-universitario-de-rafaela-en-2021","status":"publish","type":"post","link":"https:\/\/www.ucse.edu.ar\/notiucse\/2021\/04\/13\/participacion-en-la-primera-reunion-del-consejo-universitario-de-rafaela-en-2021\/","title":{"rendered":"PARTICIPACI\u00d3N EN LA PRIMERA REUNI\u00d3N DEL CONSEJO UNIVERSITARIO DE RAFAELA EN 2021"},"content":{"rendered":"<p style=\"text-align: justify;\"><a href=\"http:\/\/www.ucse.edu.ar\/notiucse\/wp-content\/uploads\/2021\/04\/61.jpg\"><img fetchpriority=\"high\" decoding=\"async\" class=\"alignnone size-full wp-image-5268\" src=\"http:\/\/www.ucse.edu.ar\/notiucse\/wp-content\/uploads\/2021\/04\/61.jpg\" alt=\"6\" width=\"1001\" height=\"667\" srcset=\"https:\/\/www.ucse.edu.ar\/notiucse\/wp-content\/uploads\/2021\/04\/61.jpg 1001w, https:\/\/www.ucse.edu.ar\/notiucse\/wp-content\/uploads\/2021\/04\/61-300x200.jpg 300w\" sizes=\"(max-width: 1001px) 100vw, 1001px\" \/><\/a><\/p>\n<p style=\"text-align: justify;\">El pasado jueves 11 de marzo, en encuentro virtual, el Consejo Universitario de Rafaela dio inicio al calendario anual de reuniones de 2021. El encuentro cont\u00f3 con la presencia de la Secretaria de Educaci\u00f3n de la Municipalidad Mariana Andereggen y las autoridades de las casas de altos estudios de la ciudad: Ignacio L\u00f3pez, Director del Instituto Tecnol\u00f3gico Rafaela (ITEC) y actual presidente del CUR; Oscar David, Decano de la Facultad Regional Rafaela de la Universidad Tecnol\u00f3gica Nacional (UTN) y secretario del Consejo; Edgardo Allochis, Decano del Departamento Acad\u00e9mico Rafaela de la Universidad Cat\u00f3lica de Santiago del Estero (UCSE); Rub\u00e9n Asc\u00faa, Rector de la UNRaf; Daniel Henzenn, representante de la Extensi\u00f3n \u00c1ulica en Rafaela de la Universidad Cat\u00f3lica de Santa Fe (UCSF); Fabi\u00e1n Turino, representante del Secretario Acad\u00e9mico de la Sede Rafaela de la Universidad de Ciencias Empresariales y Sociales (UCES), actual<\/p>\n<p style=\"text-align: justify;\">vicepresidente del CUR. Tambi\u00e9n participaron colaboradores de Extensi\u00f3n Universitaria, \u00c1reas Acad\u00e9micas y Secretar\u00eda de Educaci\u00f3n: Eduardo Duelli (UTN), Yamila Gagliardo (UCSE), Ma. Cecilia Guti\u00e9rrez (UNRaf)<\/p>\n<p style=\"text-align: justify;\">El orden del d\u00eda incluy\u00f3 temas de inter\u00e9s com\u00fan relacionados a la modalidad de cursado prevista en cada instituci\u00f3n, en funci\u00f3n de las habilitaciones sanitarias vigentes, las gestiones realizadas para la presentaci\u00f3n conjunta de protocolos sanitarios en el contexto de la pandemia de COVID-19. Tambi\u00e9n se convers\u00f3 sobre la organizaci\u00f3n del Acto de Apertura del A\u00f1o Acad\u00e9mico, entre otros temas. Adem\u00e1s, se realiz\u00f3 una menci\u00f3n especial sobre las trayectorias de Oscar David, Edgardo Allochis y German B\u00fcrcher, quienes durante 10 a\u00f1os tuvieron presencia ininterrumpida en el CUR.<\/p>\n","protected":false},"excerpt":{"rendered":"<p>El pasado jueves 11 de marzo, en encuentro virtual, el Consejo Universitario de Rafaela dio inicio al calendario anual de reuniones de 2021. El encuentro cont\u00f3 con la presencia de la Secretaria de Educaci\u00f3n de la Municipalidad Mariana Andereggen y las autoridades de las casas de altos estudios de la ciudad: Ignacio L\u00f3pez, Director del [&hellip;]<\/p>\n","protected":false},"author":1,"featured_media":5268,"comment_status":"closed","ping_status":"closed","sticky":false,"template":"","format":"standard","meta":{"_exactmetrics_skip_tracking":false,"_exactmetrics_sitenote_active":false,"_exactmetrics_sitenote_note":"","_exactmetrics_sitenote_category":0,"footnotes":""},"categories":[20],"tags":[],"_links":{"self":[{"href":"https:\/\/www.ucse.edu.ar\/notiucse\/wp-json\/wp\/v2\/posts\/5266"}],"collection":[{"href":"https:\/\/www.ucse.edu.ar\/notiucse\/wp-json\/wp\/v2\/posts"}],"about":[{"href":"https:\/\/www.ucse.edu.ar\/notiucse\/wp-json\/wp\/v2\/types\/post"}],"author":[{"embeddable":true,"href":"https:\/\/www.ucse.edu.ar\/notiucse\/wp-json\/wp\/v2\/users\/1"}],"replies":[{"embeddable":true,"href":"https:\/\/www.ucse.edu.ar\/notiucse\/wp-json\/wp\/v2\/comments?post=5266"}],"version-history":[{"count":2,"href":"https:\/\/www.ucse.edu.ar\/notiucse\/wp-json\/wp\/v2\/posts\/5266\/revisions"}],"predecessor-version":[{"id":5270,"href":"https:\/\/www.ucse.edu.ar\/notiucse\/wp-json\/wp\/v2\/posts\/5266\/revisions\/5270"}],"wp:featuredmedia":[{"embeddable":true,"href":"https:\/\/www.ucse.edu.ar\/notiucse\/wp-json\/wp\/v2\/media\/5268"}],"wp:attachment":[{"href":"https:\/\/www.ucse.edu.ar\/notiucse\/wp-json\/wp\/v2\/media?parent=5266"}],"wp:term":[{"taxonomy":"category","embeddable":true,"href":"https:\/\/www.ucse.edu.ar\/notiucse\/wp-json\/wp\/v2\/categories?post=5266"},{"taxonomy":"post_tag","embeddable":true,"href":"https:\/\/www.ucse.edu.ar\/notiucse\/wp-json\/wp\/v2\/tags?post=5266"}],"curies":[{"name":"wp","href":"https:\/\/api.w.org\/{rel}","templated":true}]}}