{"id":5271,"date":"2021-04-13T09:02:39","date_gmt":"2021-04-13T12:02:39","guid":{"rendered":"http:\/\/www.ucse.edu.ar\/notiucse\/?p=5271"},"modified":"2021-04-13T09:02:39","modified_gmt":"2021-04-13T12:02:39","slug":"reunion-informativa-con-alumnos-delegados-desde-segundo-ano-por-retorno-a-las-actividades","status":"publish","type":"post","link":"https:\/\/www.ucse.edu.ar\/notiucse\/2021\/04\/13\/reunion-informativa-con-alumnos-delegados-desde-segundo-ano-por-retorno-a-las-actividades\/","title":{"rendered":"REUNI\u00d3N INFORMATIVA CON ALUMNOS DELEGADOS DESDE SEGUNDO A\u00d1O POR RETORNO A LAS ACTIVIDADES"},"content":{"rendered":"<p style=\"text-align: justify;\"><a href=\"http:\/\/www.ucse.edu.ar\/notiucse\/wp-content\/uploads\/2021\/04\/7.jpg\"><img fetchpriority=\"high\" decoding=\"async\" class=\"alignnone size-full wp-image-5272\" src=\"http:\/\/www.ucse.edu.ar\/notiucse\/wp-content\/uploads\/2021\/04\/7.jpg\" alt=\"7\" width=\"1001\" height=\"667\" srcset=\"https:\/\/www.ucse.edu.ar\/notiucse\/wp-content\/uploads\/2021\/04\/7.jpg 1001w, https:\/\/www.ucse.edu.ar\/notiucse\/wp-content\/uploads\/2021\/04\/7-300x200.jpg 300w\" sizes=\"(max-width: 1001px) 100vw, 1001px\" \/><\/a><\/p>\n<p style=\"text-align: justify;\">El martes 9 de marzo se llev\u00f3 a cabo un encuentro virtual con delegados o representantes de los cursos de las diferentes carreras que se dictar\u00e1n durante el a\u00f1o en curso, la representante estudiantil ante el Consejo de Departamento Acad\u00e9mico y miembros del Centro de Estudiantes, junto con el Decano, Secretarias y responsables de las Direcciones de Carreras. La oportunidad result\u00f3 propicia para informar a los alumnos sobre el inicio de clases, las gestiones llevadas a cabo para retomar la presencialidad, aspectos organizativos y an\u00e1lisis de las cuestiones m\u00e1s relevantes del Protocolo Espec\u00edfico aprobado para el DAR. Asimismo, se dio respuesta a varias consultas realizadas por los representantes estudiantiles, en un marco de di\u00e1logo, respeto y excelente predisposici\u00f3n y colaboraci\u00f3n de todos los participantes.<\/p>\n","protected":false},"excerpt":{"rendered":"<p>El martes 9 de marzo se llev\u00f3 a cabo un encuentro virtual con delegados o representantes de los cursos de las diferentes carreras que se dictar\u00e1n durante el a\u00f1o en curso, la representante estudiantil ante el Consejo de Departamento Acad\u00e9mico y miembros del Centro de Estudiantes, junto con el Decano, Secretarias y responsables de las [&hellip;]<\/p>\n","protected":false},"author":1,"featured_media":5272,"comment_status":"closed","ping_status":"closed","sticky":false,"template":"","format":"standard","meta":{"_exactmetrics_skip_tracking":false,"_exactmetrics_sitenote_active":false,"_exactmetrics_sitenote_note":"","_exactmetrics_sitenote_category":0,"footnotes":""},"categories":[20],"tags":[],"_links":{"self":[{"href":"https:\/\/www.ucse.edu.ar\/notiucse\/wp-json\/wp\/v2\/posts\/5271"}],"collection":[{"href":"https:\/\/www.ucse.edu.ar\/notiucse\/wp-json\/wp\/v2\/posts"}],"about":[{"href":"https:\/\/www.ucse.edu.ar\/notiucse\/wp-json\/wp\/v2\/types\/post"}],"author":[{"embeddable":true,"href":"https:\/\/www.ucse.edu.ar\/notiucse\/wp-json\/wp\/v2\/users\/1"}],"replies":[{"embeddable":true,"href":"https:\/\/www.ucse.edu.ar\/notiucse\/wp-json\/wp\/v2\/comments?post=5271"}],"version-history":[{"count":1,"href":"https:\/\/www.ucse.edu.ar\/notiucse\/wp-json\/wp\/v2\/posts\/5271\/revisions"}],"predecessor-version":[{"id":5273,"href":"https:\/\/www.ucse.edu.ar\/notiucse\/wp-json\/wp\/v2\/posts\/5271\/revisions\/5273"}],"wp:featuredmedia":[{"embeddable":true,"href":"https:\/\/www.ucse.edu.ar\/notiucse\/wp-json\/wp\/v2\/media\/5272"}],"wp:attachment":[{"href":"https:\/\/www.ucse.edu.ar\/notiucse\/wp-json\/wp\/v2\/media?parent=5271"}],"wp:term":[{"taxonomy":"category","embeddable":true,"href":"https:\/\/www.ucse.edu.ar\/notiucse\/wp-json\/wp\/v2\/categories?post=5271"},{"taxonomy":"post_tag","embeddable":true,"href":"https:\/\/www.ucse.edu.ar\/notiucse\/wp-json\/wp\/v2\/tags?post=5271"}],"curies":[{"name":"wp","href":"https:\/\/api.w.org\/{rel}","templated":true}]}}