{"id":5274,"date":"2021-04-13T09:01:24","date_gmt":"2021-04-13T12:01:24","guid":{"rendered":"http:\/\/www.ucse.edu.ar\/notiucse\/?p=5274"},"modified":"2021-04-13T09:01:24","modified_gmt":"2021-04-13T12:01:24","slug":"inicio-el-curso-de-ingreso-regular-en-ucse-rafaela","status":"publish","type":"post","link":"https:\/\/www.ucse.edu.ar\/notiucse\/2021\/04\/13\/inicio-el-curso-de-ingreso-regular-en-ucse-rafaela\/","title":{"rendered":"INICI\u00d3 EL CURSO DE INGRESO REGULAR EN UCSE RAFAELA"},"content":{"rendered":"<p style=\"text-align: justify;\"><a href=\"http:\/\/www.ucse.edu.ar\/notiucse\/wp-content\/uploads\/2021\/04\/8.jpg\"><img fetchpriority=\"high\" decoding=\"async\" class=\"alignnone size-full wp-image-5275\" src=\"http:\/\/www.ucse.edu.ar\/notiucse\/wp-content\/uploads\/2021\/04\/8.jpg\" alt=\"8\" width=\"1001\" height=\"667\" srcset=\"https:\/\/www.ucse.edu.ar\/notiucse\/wp-content\/uploads\/2021\/04\/8.jpg 1001w, https:\/\/www.ucse.edu.ar\/notiucse\/wp-content\/uploads\/2021\/04\/8-300x200.jpg 300w\" sizes=\"(max-width: 1001px) 100vw, 1001px\" \/><\/a><\/p>\n<p style=\"text-align: justify;\">El pasado mi\u00e9rcoles 17 de febrero, de manera online, inici\u00f3 una nueva edici\u00f3n del programa de integraci\u00f3n a la vida universitaria.<\/p>\n<p style=\"text-align: justify;\">Participaron del encuentro, adem\u00e1s de los aspirantes al ingreso, el decano de la sede, Abog. Edgardo Allochis, qui\u00e9n dirigi\u00f3 unas palabras a los j\u00f3venes que inician su recorrido por la UCSE, Yamila Gagliardo y Marcela Querini, ambas de la Secretaria de Extensi\u00f3n, quienes estuvieron a cargo de la presentaci\u00f3n e inicio de la jornada y las psicopedagogas miembros de COE, Ma. Alejandra Leonardi y Ma. Noelia Montagna quienes, adem\u00e1s, son docentes de diferentes m\u00f3dulos del curso.<\/p>\n<p style=\"text-align: justify;\">Cabe recordar que el curso, est\u00e1 organizado de manera tal de brindar un primer acercamiento al mundo universitario, aportando un espacio de reflexi\u00f3n respecto de las propias inquietudes y decisiones en el proceso de elecci\u00f3n vocacional; brindando herramientas que propician el desarrollo del aprendizaje aut\u00f3nomo, h\u00e1bitos de estudio, organizaci\u00f3n, pretendiendo introducir a los aspirantes, en la reflexi\u00f3n sobre el objeto de estudio de la disciplina en la que se enmarca la carrera elegida.<\/p>\n<p style=\"text-align: justify;\">Esta nueva edici\u00f3n se lleva a cabo a trav\u00e9s de la plataforma elearning de UCSE, con encuentros sincr\u00f3nicos online, debido a la actual situaci\u00f3n producto de la pandemia por el Covid19.<\/p>\n","protected":false},"excerpt":{"rendered":"<p>El pasado mi\u00e9rcoles 17 de febrero, de manera online, inici\u00f3 una nueva edici\u00f3n del programa de integraci\u00f3n a la vida universitaria. Participaron del encuentro, adem\u00e1s de los aspirantes al ingreso, el decano de la sede, Abog. Edgardo Allochis, qui\u00e9n dirigi\u00f3 unas palabras a los j\u00f3venes que inician su recorrido por la UCSE, Yamila Gagliardo y [&hellip;]<\/p>\n","protected":false},"author":1,"featured_media":5275,"comment_status":"closed","ping_status":"closed","sticky":false,"template":"","format":"standard","meta":{"_exactmetrics_skip_tracking":false,"_exactmetrics_sitenote_active":false,"_exactmetrics_sitenote_note":"","_exactmetrics_sitenote_category":0,"footnotes":""},"categories":[20],"tags":[],"_links":{"self":[{"href":"https:\/\/www.ucse.edu.ar\/notiucse\/wp-json\/wp\/v2\/posts\/5274"}],"collection":[{"href":"https:\/\/www.ucse.edu.ar\/notiucse\/wp-json\/wp\/v2\/posts"}],"about":[{"href":"https:\/\/www.ucse.edu.ar\/notiucse\/wp-json\/wp\/v2\/types\/post"}],"author":[{"embeddable":true,"href":"https:\/\/www.ucse.edu.ar\/notiucse\/wp-json\/wp\/v2\/users\/1"}],"replies":[{"embeddable":true,"href":"https:\/\/www.ucse.edu.ar\/notiucse\/wp-json\/wp\/v2\/comments?post=5274"}],"version-history":[{"count":1,"href":"https:\/\/www.ucse.edu.ar\/notiucse\/wp-json\/wp\/v2\/posts\/5274\/revisions"}],"predecessor-version":[{"id":5276,"href":"https:\/\/www.ucse.edu.ar\/notiucse\/wp-json\/wp\/v2\/posts\/5274\/revisions\/5276"}],"wp:featuredmedia":[{"embeddable":true,"href":"https:\/\/www.ucse.edu.ar\/notiucse\/wp-json\/wp\/v2\/media\/5275"}],"wp:attachment":[{"href":"https:\/\/www.ucse.edu.ar\/notiucse\/wp-json\/wp\/v2\/media?parent=5274"}],"wp:term":[{"taxonomy":"category","embeddable":true,"href":"https:\/\/www.ucse.edu.ar\/notiucse\/wp-json\/wp\/v2\/categories?post=5274"},{"taxonomy":"post_tag","embeddable":true,"href":"https:\/\/www.ucse.edu.ar\/notiucse\/wp-json\/wp\/v2\/tags?post=5274"}],"curies":[{"name":"wp","href":"https:\/\/api.w.org\/{rel}","templated":true}]}}