{"id":5307,"date":"2021-04-20T09:00:13","date_gmt":"2021-04-20T12:00:13","guid":{"rendered":"http:\/\/www.ucse.edu.ar\/notiucse\/?p=5307"},"modified":"2021-04-20T09:00:13","modified_gmt":"2021-04-20T12:00:13","slug":"turismo-presentacion-del-consejo-asesor-de-planificacion-estrategica-de-la-provincia-de-santa-fe","status":"publish","type":"post","link":"https:\/\/www.ucse.edu.ar\/notiucse\/2021\/04\/20\/turismo-presentacion-del-consejo-asesor-de-planificacion-estrategica-de-la-provincia-de-santa-fe\/","title":{"rendered":"TURISMO: PRESENTACI\u00d3N DEL CONSEJO ASESOR DE PLANIFICACI\u00d3N ESTRAT\u00c9GICA DE LA PROVINCIA DE SANTA FE"},"content":{"rendered":"<p style=\"text-align: justify;\"><a href=\"http:\/\/www.ucse.edu.ar\/notiucse\/wp-content\/uploads\/2021\/04\/1a.jpg\"><img fetchpriority=\"high\" decoding=\"async\" class=\"alignnone size-full wp-image-5309\" src=\"http:\/\/www.ucse.edu.ar\/notiucse\/wp-content\/uploads\/2021\/04\/1a.jpg\" alt=\"1a\" width=\"1001\" height=\"667\" srcset=\"https:\/\/www.ucse.edu.ar\/notiucse\/wp-content\/uploads\/2021\/04\/1a.jpg 1001w, https:\/\/www.ucse.edu.ar\/notiucse\/wp-content\/uploads\/2021\/04\/1a-300x200.jpg 300w\" sizes=\"(max-width: 1001px) 100vw, 1001px\" \/><\/a><\/p>\n<p style=\"text-align: justify;\">El martes 6 de abril, a trav\u00e9s de un encuentro virtual, el gobernador Omar Perotti present\u00f3 el Consejo Asesor de Planificaci\u00f3n Estrat\u00e9gica Tur\u00edstica (CAPET), que tiene como objetivo la coordinaci\u00f3n de acciones entre el sector acad\u00e9mico del turismo y el Ejecutivo provincial, a trav\u00e9s de un marco institucional que facilite la realizaci\u00f3n de actividades conjuntas en las \u00e1reas de capacitaci\u00f3n e investigaci\u00f3n, en aspectos vinculados al desarrollo del turismo provincial. Por la UCSE DAR, particip\u00f3 el Lic. Alejandro Fr\u00edas, director de la carrera Licenciatura en Turismo de nuestra Sede.<\/p>\n<p style=\"text-align: justify;\">Entre los objetivos espec\u00edficos del Consejo se destacan: actualizar los relevamientos estad\u00edsticos, obtener indicadores orientados al desarrollo de las pol\u00edticas p\u00fablicas y acordar metodolog\u00edas de trabajo que permitan obtener informaci\u00f3n clave para la planificaci\u00f3n tur\u00edstica estrat\u00e9gica de la provincia. Adem\u00e1s, coordinar con las \u00e1reas de extensi\u00f3n de las distintas instituciones acad\u00e9micas las acciones seg\u00fan las necesidades del sector tur\u00edstico, y ser nexo en la formaci\u00f3n y capacitaci\u00f3n para el desarrollo de turismo de municipios y comunas de Santa Fe. Busca desarrollar conocimientos acad\u00e9micos espec\u00edficos, a fin de anclarlos en necesidades reales del territorio provincial; fomentar la vinculaci\u00f3n entre el sector acad\u00e9mico y los municipios y comunas de la provincia, y generar y propiciar convenios internacionales con organismos u hom\u00f3logos, tendientes a la capacitaci\u00f3n, experiencias y conocimiento. Otros de los aspectos es conocer los perfiles profesionales y ser nexos o puentes entre las demandas y necesidades detectadas por parte del sector tur\u00edstico provincial y el sector acad\u00e9mico; realizar una agenda de modo conjunto; orientar las \u00e1reas de investigaci\u00f3n a las necesidades reales del territorio, y participar en el desarrollo de productos tur\u00edsticos de la provincia.<\/p>\n<p style=\"text-align: justify;\">Participar\u00e1n de dicho Consejo, cinco universidades, ocho institutos terciarios y doce escuelas secundarias con orientaci\u00f3n tur\u00edstica. Las universidades que participan son la Universidad Nacional de Rosario (Facultad de Ciencia Pol\u00edtica y RRII y Facultad de Ciencias Econ\u00f3micas y Estad\u00edstica); la Universidad del Centro Educativo Latinoamericano (Rosario); la Universidad Abierta Interamericana (Rosario); la Universidad Tecnol\u00f3gica Nacional (Facultad Regional Reconquista), y la Universidad Cat\u00f3lica de Santiago del Estero (Departamento Acad\u00e9mico Rafaela).<\/p>\n<p style=\"text-align: justify;\">Las instituciones de educaci\u00f3n superior son el ISPI. N\u00b04011 \u201cGeneral Manuel Belgrano\u201d de Rosario; el ISPI N\u00b04035 \u201cBrigadier Estanislao L\u00f3pez\u201d de Santa Fe; el ISPI N\u00b04044 \u201cSol\u201d de Santa Fe; el ISPA N\u00b04071 \u201cDr. Luis Federico Leloir\u201d de Rosario; el ISPA N\u00b04077 \u201cTecnol\u00f3gico Aut\u00f3nomo del Litoral\u201d de Rosario; el ISPI N\u00b09145 \u201cCat\u00f3lico de Ense\u00f1anza Superior\u201d de Venado Tuerto; el ISP N\u00b010 \u201cMateo Booz\u201d de Helvecia, y el Instituto Superior de Educaci\u00f3n T\u00e9cnica N\u00b058 de Rosario, adem\u00e1s de 12 instituciones de educaci\u00f3n secundaria orientada en turismo.<\/p>\n","protected":false},"excerpt":{"rendered":"<p>El martes 6 de abril, a trav\u00e9s de un encuentro virtual, el gobernador Omar Perotti present\u00f3 el Consejo Asesor de Planificaci\u00f3n Estrat\u00e9gica Tur\u00edstica (CAPET), que tiene como objetivo la coordinaci\u00f3n de acciones entre el sector acad\u00e9mico del turismo y el Ejecutivo provincial, a trav\u00e9s de un marco institucional que facilite la realizaci\u00f3n de actividades conjuntas [&hellip;]<\/p>\n","protected":false},"author":1,"featured_media":5308,"comment_status":"closed","ping_status":"closed","sticky":false,"template":"","format":"standard","meta":{"_exactmetrics_skip_tracking":false,"_exactmetrics_sitenote_active":false,"_exactmetrics_sitenote_note":"","_exactmetrics_sitenote_category":0,"footnotes":""},"categories":[20],"tags":[],"_links":{"self":[{"href":"https:\/\/www.ucse.edu.ar\/notiucse\/wp-json\/wp\/v2\/posts\/5307"}],"collection":[{"href":"https:\/\/www.ucse.edu.ar\/notiucse\/wp-json\/wp\/v2\/posts"}],"about":[{"href":"https:\/\/www.ucse.edu.ar\/notiucse\/wp-json\/wp\/v2\/types\/post"}],"author":[{"embeddable":true,"href":"https:\/\/www.ucse.edu.ar\/notiucse\/wp-json\/wp\/v2\/users\/1"}],"replies":[{"embeddable":true,"href":"https:\/\/www.ucse.edu.ar\/notiucse\/wp-json\/wp\/v2\/comments?post=5307"}],"version-history":[{"count":1,"href":"https:\/\/www.ucse.edu.ar\/notiucse\/wp-json\/wp\/v2\/posts\/5307\/revisions"}],"predecessor-version":[{"id":5310,"href":"https:\/\/www.ucse.edu.ar\/notiucse\/wp-json\/wp\/v2\/posts\/5307\/revisions\/5310"}],"wp:featuredmedia":[{"embeddable":true,"href":"https:\/\/www.ucse.edu.ar\/notiucse\/wp-json\/wp\/v2\/media\/5308"}],"wp:attachment":[{"href":"https:\/\/www.ucse.edu.ar\/notiucse\/wp-json\/wp\/v2\/media?parent=5307"}],"wp:term":[{"taxonomy":"category","embeddable":true,"href":"https:\/\/www.ucse.edu.ar\/notiucse\/wp-json\/wp\/v2\/categories?post=5307"},{"taxonomy":"post_tag","embeddable":true,"href":"https:\/\/www.ucse.edu.ar\/notiucse\/wp-json\/wp\/v2\/tags?post=5307"}],"curies":[{"name":"wp","href":"https:\/\/api.w.org\/{rel}","templated":true}]}}