{"id":5311,"date":"2021-04-20T09:02:23","date_gmt":"2021-04-20T12:02:23","guid":{"rendered":"http:\/\/www.ucse.edu.ar\/notiucse\/?p=5311"},"modified":"2021-04-20T09:02:23","modified_gmt":"2021-04-20T12:02:23","slug":"curso-de-acompanamiento-terapeutico-escolar","status":"publish","type":"post","link":"https:\/\/www.ucse.edu.ar\/notiucse\/2021\/04\/20\/curso-de-acompanamiento-terapeutico-escolar\/","title":{"rendered":"CURSO DE ACOMPA\u00d1AMIENTO TERAP\u00c9UTICO ESCOLAR"},"content":{"rendered":"<p style=\"text-align: justify;\"><a href=\"http:\/\/www.ucse.edu.ar\/notiucse\/wp-content\/uploads\/2021\/04\/22.jpg\"><img fetchpriority=\"high\" decoding=\"async\" class=\"alignnone size-full wp-image-5312\" src=\"http:\/\/www.ucse.edu.ar\/notiucse\/wp-content\/uploads\/2021\/04\/22.jpg\" alt=\"2\" width=\"1001\" height=\"667\" srcset=\"https:\/\/www.ucse.edu.ar\/notiucse\/wp-content\/uploads\/2021\/04\/22.jpg 1001w, https:\/\/www.ucse.edu.ar\/notiucse\/wp-content\/uploads\/2021\/04\/22-300x200.jpg 300w\" sizes=\"(max-width: 1001px) 100vw, 1001px\" \/><\/a><\/p>\n<p style=\"text-align: justify;\">Los s\u00e1bados 13 de marzo y 10 de abril se llevaron a cabo de manera virtual, las primeras clases del curso sobre \u201cAcompa\u00f1amiento terap\u00e9utico escolar: acompa\u00f1ar las singularidades de los estudiantes hoy\u201d, capacitaci\u00f3n que est\u00e1 organizada desde la Direcci\u00f3n de la Carrera de Licenciatura en Psicolog\u00eda en forma conjunta con la Fundaci\u00f3n Ser Acompa\u00f1ante de la ciudad de C\u00f3rdoba. La actividad est\u00e1 a cargo de la Lic. Martina S. Almarza.<\/p>\n<p style=\"text-align: justify;\">Destacan en su temario: los inicios, fundamentos y \u00e1mbitos del acompa\u00f1amiento terap\u00e9utico, sus escuelas: normativas, modalidades y caracter\u00edsticas, paradigma de la inclusi\u00f3n y experiencias; Los acompa\u00f1ados: infancias, adolescencias y diagn\u00f3sticos; y el acompa\u00f1amiento terap\u00e9utico escolar: modalidades de abordaje e intervenciones posibles entre escuelas y familias.<\/p>\n<p style=\"text-align: justify;\">El curso, que est\u00e1 destinado a alumnos de la Tecnicatura Universitaria en Acompa\u00f1amiento Terap\u00e9utico y de la Lic. en Psicolog\u00eda, docentes, profesionales y estudiantes de carreras afines, se desarrollar\u00e1 desde marzo a julio, en 5 encuentros virtuales, a raz\u00f3n de un s\u00e1bado al mes.<\/p>\n","protected":false},"excerpt":{"rendered":"<p>Los s\u00e1bados 13 de marzo y 10 de abril se llevaron a cabo de manera virtual, las primeras clases del curso sobre \u201cAcompa\u00f1amiento terap\u00e9utico escolar: acompa\u00f1ar las singularidades de los estudiantes hoy\u201d, capacitaci\u00f3n que est\u00e1 organizada desde la Direcci\u00f3n de la Carrera de Licenciatura en Psicolog\u00eda en forma conjunta con la Fundaci\u00f3n Ser Acompa\u00f1ante de [&hellip;]<\/p>\n","protected":false},"author":1,"featured_media":5312,"comment_status":"closed","ping_status":"closed","sticky":false,"template":"","format":"standard","meta":{"_exactmetrics_skip_tracking":false,"_exactmetrics_sitenote_active":false,"_exactmetrics_sitenote_note":"","_exactmetrics_sitenote_category":0,"footnotes":""},"categories":[20],"tags":[],"_links":{"self":[{"href":"https:\/\/www.ucse.edu.ar\/notiucse\/wp-json\/wp\/v2\/posts\/5311"}],"collection":[{"href":"https:\/\/www.ucse.edu.ar\/notiucse\/wp-json\/wp\/v2\/posts"}],"about":[{"href":"https:\/\/www.ucse.edu.ar\/notiucse\/wp-json\/wp\/v2\/types\/post"}],"author":[{"embeddable":true,"href":"https:\/\/www.ucse.edu.ar\/notiucse\/wp-json\/wp\/v2\/users\/1"}],"replies":[{"embeddable":true,"href":"https:\/\/www.ucse.edu.ar\/notiucse\/wp-json\/wp\/v2\/comments?post=5311"}],"version-history":[{"count":1,"href":"https:\/\/www.ucse.edu.ar\/notiucse\/wp-json\/wp\/v2\/posts\/5311\/revisions"}],"predecessor-version":[{"id":5313,"href":"https:\/\/www.ucse.edu.ar\/notiucse\/wp-json\/wp\/v2\/posts\/5311\/revisions\/5313"}],"wp:featuredmedia":[{"embeddable":true,"href":"https:\/\/www.ucse.edu.ar\/notiucse\/wp-json\/wp\/v2\/media\/5312"}],"wp:attachment":[{"href":"https:\/\/www.ucse.edu.ar\/notiucse\/wp-json\/wp\/v2\/media?parent=5311"}],"wp:term":[{"taxonomy":"category","embeddable":true,"href":"https:\/\/www.ucse.edu.ar\/notiucse\/wp-json\/wp\/v2\/categories?post=5311"},{"taxonomy":"post_tag","embeddable":true,"href":"https:\/\/www.ucse.edu.ar\/notiucse\/wp-json\/wp\/v2\/tags?post=5311"}],"curies":[{"name":"wp","href":"https:\/\/api.w.org\/{rel}","templated":true}]}}