{"id":5314,"date":"2021-04-20T09:04:37","date_gmt":"2021-04-20T12:04:37","guid":{"rendered":"http:\/\/www.ucse.edu.ar\/notiucse\/?p=5314"},"modified":"2021-04-20T09:04:37","modified_gmt":"2021-04-20T12:04:37","slug":"reunion-mensual-del-consejo-universitario-de-rafaela","status":"publish","type":"post","link":"https:\/\/www.ucse.edu.ar\/notiucse\/2021\/04\/20\/reunion-mensual-del-consejo-universitario-de-rafaela\/","title":{"rendered":"REUNION MENSUAL DEL CONSEJO UNIVERSITARIO DE RAFAELA"},"content":{"rendered":"<p style=\"text-align: justify;\"><a href=\"http:\/\/www.ucse.edu.ar\/notiucse\/wp-content\/uploads\/2021\/04\/32.jpg\"><img fetchpriority=\"high\" decoding=\"async\" class=\"alignnone size-full wp-image-5315\" src=\"http:\/\/www.ucse.edu.ar\/notiucse\/wp-content\/uploads\/2021\/04\/32.jpg\" alt=\"3\" width=\"1001\" height=\"667\" srcset=\"https:\/\/www.ucse.edu.ar\/notiucse\/wp-content\/uploads\/2021\/04\/32.jpg 1001w, https:\/\/www.ucse.edu.ar\/notiucse\/wp-content\/uploads\/2021\/04\/32-300x200.jpg 300w\" sizes=\"(max-width: 1001px) 100vw, 1001px\" \/><\/a><\/p>\n<p style=\"text-align: justify;\">El encuentro cont\u00f3 con la presencia de la Secretaria de Educaci\u00f3n de la Municipalidad Mariana Andereggen y las autoridades de las casas de altos estudios de la ciudad: Ignacio L\u00f3pez, Director del Instituto Tecnol\u00f3gico Rafaela (ITEC) y actual presidente del CUR; Oscar David, Decano de la Facultad Regional Rafaela de la Universidad Tecnol\u00f3gica Nacional (UTN) y secretario del Consejo; Edgardo Allochis, Decano del Departamento Acad\u00e9mico Rafaela de la Universidad Cat\u00f3lica de Santiago del Estero (UCSE); Rub\u00e9n Asc\u00faa, Rector de la UNRaf; Daniel Henzenn, representante de la Extensi\u00f3n \u00c1ulica en Rafaela de la Universidad Cat\u00f3lica de Santa Fe (UCSF); Fabi\u00e1n Turino, representante del Secretario Acad\u00e9mico de la Sede Rafaela de la Universidad de Ciencias Empresariales y Sociales (UCES), actual vicepresidente del CUR. Tambi\u00e9n participaron colaboradores de Extensi\u00f3n Universitaria, \u00c1reas Acad\u00e9micas y Secretar\u00eda de Educaci\u00f3n: Eduardo Duelli (UTN), Yamila Gagliardo (UCSE), Ma. Cecilia Guti\u00e9rrez (UNRaf)<\/p>\n","protected":false},"excerpt":{"rendered":"<p>El encuentro cont\u00f3 con la presencia de la Secretaria de Educaci\u00f3n de la Municipalidad Mariana Andereggen y las autoridades de las casas de altos estudios de la ciudad: Ignacio L\u00f3pez, Director del Instituto Tecnol\u00f3gico Rafaela (ITEC) y actual presidente del CUR; Oscar David, Decano de la Facultad Regional Rafaela de la Universidad Tecnol\u00f3gica Nacional (UTN) [&hellip;]<\/p>\n","protected":false},"author":1,"featured_media":5315,"comment_status":"closed","ping_status":"closed","sticky":false,"template":"","format":"standard","meta":{"_exactmetrics_skip_tracking":false,"_exactmetrics_sitenote_active":false,"_exactmetrics_sitenote_note":"","_exactmetrics_sitenote_category":0,"footnotes":""},"categories":[20],"tags":[],"_links":{"self":[{"href":"https:\/\/www.ucse.edu.ar\/notiucse\/wp-json\/wp\/v2\/posts\/5314"}],"collection":[{"href":"https:\/\/www.ucse.edu.ar\/notiucse\/wp-json\/wp\/v2\/posts"}],"about":[{"href":"https:\/\/www.ucse.edu.ar\/notiucse\/wp-json\/wp\/v2\/types\/post"}],"author":[{"embeddable":true,"href":"https:\/\/www.ucse.edu.ar\/notiucse\/wp-json\/wp\/v2\/users\/1"}],"replies":[{"embeddable":true,"href":"https:\/\/www.ucse.edu.ar\/notiucse\/wp-json\/wp\/v2\/comments?post=5314"}],"version-history":[{"count":1,"href":"https:\/\/www.ucse.edu.ar\/notiucse\/wp-json\/wp\/v2\/posts\/5314\/revisions"}],"predecessor-version":[{"id":5317,"href":"https:\/\/www.ucse.edu.ar\/notiucse\/wp-json\/wp\/v2\/posts\/5314\/revisions\/5317"}],"wp:featuredmedia":[{"embeddable":true,"href":"https:\/\/www.ucse.edu.ar\/notiucse\/wp-json\/wp\/v2\/media\/5315"}],"wp:attachment":[{"href":"https:\/\/www.ucse.edu.ar\/notiucse\/wp-json\/wp\/v2\/media?parent=5314"}],"wp:term":[{"taxonomy":"category","embeddable":true,"href":"https:\/\/www.ucse.edu.ar\/notiucse\/wp-json\/wp\/v2\/categories?post=5314"},{"taxonomy":"post_tag","embeddable":true,"href":"https:\/\/www.ucse.edu.ar\/notiucse\/wp-json\/wp\/v2\/tags?post=5314"}],"curies":[{"name":"wp","href":"https:\/\/api.w.org\/{rel}","templated":true}]}}