{"id":5398,"date":"2021-05-12T10:33:46","date_gmt":"2021-05-12T13:33:46","guid":{"rendered":"http:\/\/www.ucse.edu.ar\/notiucse\/?p=5398"},"modified":"2021-05-12T10:33:46","modified_gmt":"2021-05-12T13:33:46","slug":"encuentro-con-la-secretaria-de-ciencia-tecnologia-e-innovacion-marina-baima-en-el-marco-de-la-red-de-ciencia-tecnologia-e-innovacion-de-la-ciudad","status":"publish","type":"post","link":"https:\/\/www.ucse.edu.ar\/notiucse\/2021\/05\/12\/encuentro-con-la-secretaria-de-ciencia-tecnologia-e-innovacion-marina-baima-en-el-marco-de-la-red-de-ciencia-tecnologia-e-innovacion-de-la-ciudad\/","title":{"rendered":"ENCUENTRO CON LA SECRETARIA DE CIENCIA, TECNOLOG\u00cdA E INNOVACI\u00d3N, MARINA BAIMA, EN EL MARCO DE LA RED DE CIENCIA, TECNOLOG\u00cdA E INNOVACI\u00d3N DE LA CIUDAD"},"content":{"rendered":"<p style=\"text-align: justify;\"><a href=\"http:\/\/www.ucse.edu.ar\/notiucse\/wp-content\/uploads\/2021\/05\/21.jpg\"><img fetchpriority=\"high\" decoding=\"async\" class=\"alignnone size-full wp-image-5400\" src=\"http:\/\/www.ucse.edu.ar\/notiucse\/wp-content\/uploads\/2021\/05\/21.jpg\" alt=\"2\" width=\"1001\" height=\"667\" srcset=\"https:\/\/www.ucse.edu.ar\/notiucse\/wp-content\/uploads\/2021\/05\/21.jpg 1001w, https:\/\/www.ucse.edu.ar\/notiucse\/wp-content\/uploads\/2021\/05\/21-300x200.jpg 300w\" sizes=\"(max-width: 1001px) 100vw, 1001px\" \/><\/a><\/p>\n<p style=\"text-align: justify;\">El mi\u00e9rcoles 21 de abril, el Lic. Alejandro Fr\u00edas, la Lic, Ma. Candela Suarez y la Lic. Yamila Gagliardo, participaron de un encuentro virtual con Marina Baima, secretaria de Ciencia, Tecnolog\u00eda e Innovaci\u00f3n de la Provincia de Santa Fe, en el marco de su agenda de visita a la ciudad. Dada la situaci\u00f3n epidemiol\u00f3gica actual de nuestra ciudad, el encuentro se realiz\u00f3 de manera virtual.<\/p>\n<p style=\"text-align: justify;\">En el mismo, se dieron a conocer los programas de la Secretar\u00eda, debatiendo sobre el potencial de la vinculaci\u00f3n y las sinergias que se pueden dar para una agenda tecnol\u00f3gica entre las distintas instituciones y se anunci\u00f3 especialmente, la apertura de las Becas del Conocimiento, para las cuales, el cierre de las postulaciones es el 28 de mayo a las 13 hs.<\/p>\n","protected":false},"excerpt":{"rendered":"<p>El mi\u00e9rcoles 21 de abril, el Lic. Alejandro Fr\u00edas, la Lic, Ma. Candela Suarez y la Lic. Yamila Gagliardo, participaron de un encuentro virtual con Marina Baima, secretaria de Ciencia, Tecnolog\u00eda e Innovaci\u00f3n de la Provincia de Santa Fe, en el marco de su agenda de visita a la ciudad. Dada la situaci\u00f3n epidemiol\u00f3gica actual [&hellip;]<\/p>\n","protected":false},"author":1,"featured_media":5400,"comment_status":"closed","ping_status":"closed","sticky":false,"template":"","format":"standard","meta":{"_exactmetrics_skip_tracking":false,"_exactmetrics_sitenote_active":false,"_exactmetrics_sitenote_note":"","_exactmetrics_sitenote_category":0,"footnotes":""},"categories":[20],"tags":[],"_links":{"self":[{"href":"https:\/\/www.ucse.edu.ar\/notiucse\/wp-json\/wp\/v2\/posts\/5398"}],"collection":[{"href":"https:\/\/www.ucse.edu.ar\/notiucse\/wp-json\/wp\/v2\/posts"}],"about":[{"href":"https:\/\/www.ucse.edu.ar\/notiucse\/wp-json\/wp\/v2\/types\/post"}],"author":[{"embeddable":true,"href":"https:\/\/www.ucse.edu.ar\/notiucse\/wp-json\/wp\/v2\/users\/1"}],"replies":[{"embeddable":true,"href":"https:\/\/www.ucse.edu.ar\/notiucse\/wp-json\/wp\/v2\/comments?post=5398"}],"version-history":[{"count":2,"href":"https:\/\/www.ucse.edu.ar\/notiucse\/wp-json\/wp\/v2\/posts\/5398\/revisions"}],"predecessor-version":[{"id":5401,"href":"https:\/\/www.ucse.edu.ar\/notiucse\/wp-json\/wp\/v2\/posts\/5398\/revisions\/5401"}],"wp:featuredmedia":[{"embeddable":true,"href":"https:\/\/www.ucse.edu.ar\/notiucse\/wp-json\/wp\/v2\/media\/5400"}],"wp:attachment":[{"href":"https:\/\/www.ucse.edu.ar\/notiucse\/wp-json\/wp\/v2\/media?parent=5398"}],"wp:term":[{"taxonomy":"category","embeddable":true,"href":"https:\/\/www.ucse.edu.ar\/notiucse\/wp-json\/wp\/v2\/categories?post=5398"},{"taxonomy":"post_tag","embeddable":true,"href":"https:\/\/www.ucse.edu.ar\/notiucse\/wp-json\/wp\/v2\/tags?post=5398"}],"curies":[{"name":"wp","href":"https:\/\/api.w.org\/{rel}","templated":true}]}}