{"id":5402,"date":"2021-05-12T10:33:49","date_gmt":"2021-05-12T13:33:49","guid":{"rendered":"http:\/\/www.ucse.edu.ar\/notiucse\/?p=5402"},"modified":"2021-05-12T10:33:49","modified_gmt":"2021-05-12T13:33:49","slug":"reunion-con-andalucia-lab","status":"publish","type":"post","link":"https:\/\/www.ucse.edu.ar\/notiucse\/2021\/05\/12\/reunion-con-andalucia-lab\/","title":{"rendered":"REUNI\u00d3N CON ANDALUCIA LAB"},"content":{"rendered":"<p style=\"text-align: justify;\"><a href=\"http:\/\/www.ucse.edu.ar\/notiucse\/wp-content\/uploads\/2021\/05\/31.jpg\"><img fetchpriority=\"high\" decoding=\"async\" class=\"alignnone size-full wp-image-5403\" src=\"http:\/\/www.ucse.edu.ar\/notiucse\/wp-content\/uploads\/2021\/05\/31.jpg\" alt=\"3\" width=\"1001\" height=\"667\" srcset=\"https:\/\/www.ucse.edu.ar\/notiucse\/wp-content\/uploads\/2021\/05\/31.jpg 1001w, https:\/\/www.ucse.edu.ar\/notiucse\/wp-content\/uploads\/2021\/05\/31-300x200.jpg 300w\" sizes=\"(max-width: 1001px) 100vw, 1001px\" \/><\/a><\/p>\n<p style=\"text-align: justify;\">El pasado 14 de abril, de manera virtual, se llev\u00f3 a cabo un encuentro con Jos\u00e9 Luis C\u00f3rdoba Leiva, director de Andaluc\u00eda Lab, de Espa\u00f1a. Por UCSE Rafaela, participaron el Lic. Alejandro Fr\u00edas, director de la carrera de turismo y prosecretario de extensi\u00f3n y vinculaci\u00f3n, la Mgter. Ma. Ines Coraglia docente, investigadora y responsable del Observatorio Institucional de Innovaci\u00f3n Social (OIIS) y la Lic. Yamila Gagliardo, secretaria de comunicaci\u00f3n y relaciones institucionales.<\/p>\n<p style=\"text-align: justify;\">Cabe se\u00f1alar que Andalucia Lab es un Departamento de la Empresa P\u00fablica para la Gesti\u00f3n del Turismo y del Deporte de Andaluc\u00eda, dependiente de la Consejer\u00eda de Turismo, Regeneraci\u00f3n, Justicia y Administraci\u00f3n Local de la Junta de Andaluc\u00eda. Con su centro en Marbella impulsa la industria tur\u00edstica andaluza desde una perspectiva tan pr\u00e1ctica como innovadora.<\/p>\n<p style=\"text-align: justify;\">La reuni\u00f3n aspir\u00f3 a presentar ambas organizaciones y establecer contactos que permitan generar acciones de vinculaci\u00f3n y transferencia de conocimiento.<\/p>\n","protected":false},"excerpt":{"rendered":"<p>El pasado 14 de abril, de manera virtual, se llev\u00f3 a cabo un encuentro con Jos\u00e9 Luis C\u00f3rdoba Leiva, director de Andaluc\u00eda Lab, de Espa\u00f1a. Por UCSE Rafaela, participaron el Lic. Alejandro Fr\u00edas, director de la carrera de turismo y prosecretario de extensi\u00f3n y vinculaci\u00f3n, la Mgter. Ma. Ines Coraglia docente, investigadora y responsable del [&hellip;]<\/p>\n","protected":false},"author":1,"featured_media":5403,"comment_status":"closed","ping_status":"closed","sticky":false,"template":"","format":"standard","meta":{"_exactmetrics_skip_tracking":false,"_exactmetrics_sitenote_active":false,"_exactmetrics_sitenote_note":"","_exactmetrics_sitenote_category":0,"footnotes":""},"categories":[20],"tags":[],"_links":{"self":[{"href":"https:\/\/www.ucse.edu.ar\/notiucse\/wp-json\/wp\/v2\/posts\/5402"}],"collection":[{"href":"https:\/\/www.ucse.edu.ar\/notiucse\/wp-json\/wp\/v2\/posts"}],"about":[{"href":"https:\/\/www.ucse.edu.ar\/notiucse\/wp-json\/wp\/v2\/types\/post"}],"author":[{"embeddable":true,"href":"https:\/\/www.ucse.edu.ar\/notiucse\/wp-json\/wp\/v2\/users\/1"}],"replies":[{"embeddable":true,"href":"https:\/\/www.ucse.edu.ar\/notiucse\/wp-json\/wp\/v2\/comments?post=5402"}],"version-history":[{"count":1,"href":"https:\/\/www.ucse.edu.ar\/notiucse\/wp-json\/wp\/v2\/posts\/5402\/revisions"}],"predecessor-version":[{"id":5404,"href":"https:\/\/www.ucse.edu.ar\/notiucse\/wp-json\/wp\/v2\/posts\/5402\/revisions\/5404"}],"wp:featuredmedia":[{"embeddable":true,"href":"https:\/\/www.ucse.edu.ar\/notiucse\/wp-json\/wp\/v2\/media\/5403"}],"wp:attachment":[{"href":"https:\/\/www.ucse.edu.ar\/notiucse\/wp-json\/wp\/v2\/media?parent=5402"}],"wp:term":[{"taxonomy":"category","embeddable":true,"href":"https:\/\/www.ucse.edu.ar\/notiucse\/wp-json\/wp\/v2\/categories?post=5402"},{"taxonomy":"post_tag","embeddable":true,"href":"https:\/\/www.ucse.edu.ar\/notiucse\/wp-json\/wp\/v2\/tags?post=5402"}],"curies":[{"name":"wp","href":"https:\/\/api.w.org\/{rel}","templated":true}]}}