{"id":5405,"date":"2021-05-12T10:32:22","date_gmt":"2021-05-12T13:32:22","guid":{"rendered":"http:\/\/www.ucse.edu.ar\/notiucse\/?p=5405"},"modified":"2021-05-12T10:32:22","modified_gmt":"2021-05-12T13:32:22","slug":"reunion-de-consejo-de-departamento","status":"publish","type":"post","link":"https:\/\/www.ucse.edu.ar\/notiucse\/2021\/05\/12\/reunion-de-consejo-de-departamento\/","title":{"rendered":"REUNI\u00d3N DE CONSEJO DE DEPARTAMENTO"},"content":{"rendered":"<p style=\"text-align: justify;\"><a href=\"http:\/\/www.ucse.edu.ar\/notiucse\/wp-content\/uploads\/2021\/05\/41.jpg\"><img fetchpriority=\"high\" decoding=\"async\" class=\"alignnone size-full wp-image-5406\" src=\"http:\/\/www.ucse.edu.ar\/notiucse\/wp-content\/uploads\/2021\/05\/41.jpg\" alt=\"4\" width=\"1001\" height=\"667\" srcset=\"https:\/\/www.ucse.edu.ar\/notiucse\/wp-content\/uploads\/2021\/05\/41.jpg 1001w, https:\/\/www.ucse.edu.ar\/notiucse\/wp-content\/uploads\/2021\/05\/41-300x200.jpg 300w\" sizes=\"(max-width: 1001px) 100vw, 1001px\" \/><\/a><\/p>\n<p style=\"text-align: justify;\">El viernes 16 de abril se llev\u00f3 a cabo, en forma virtual, la reuni\u00f3n de Consejo de Departamento, con la presencia del Decano, los Directores de Carrera, representantes docentes y la representante estudiantil. Tambi\u00e9n participaron, especialmente invitados Secretarias y Prosecretarios. En la oportunidad brindaron informes de gesti\u00f3n el Decano y los Directores de Carreras. Tambi\u00e9n se aprobaron planificaciones de materias, propuestas de actividades de extensi\u00f3n acad\u00e9micas, renuncias docentes, propuestas de incorporaci\u00f3n con car\u00e1cter interino, y el reemplazo del representante ante el Consejo de Investigaciones de la SeCyT. La Secretaria de Comunicaci\u00f3n y Relaciones Institucionales y las Pro-Secretarias de Docencia y de Investigaci\u00f3n informaron sobre temas acad\u00e9micos relacionados con sus respectivas \u00e1reas.<\/p>\n","protected":false},"excerpt":{"rendered":"<p>El viernes 16 de abril se llev\u00f3 a cabo, en forma virtual, la reuni\u00f3n de Consejo de Departamento, con la presencia del Decano, los Directores de Carrera, representantes docentes y la representante estudiantil. Tambi\u00e9n participaron, especialmente invitados Secretarias y Prosecretarios. En la oportunidad brindaron informes de gesti\u00f3n el Decano y los Directores de Carreras. Tambi\u00e9n [&hellip;]<\/p>\n","protected":false},"author":1,"featured_media":5406,"comment_status":"closed","ping_status":"closed","sticky":false,"template":"","format":"standard","meta":{"_exactmetrics_skip_tracking":false,"_exactmetrics_sitenote_active":false,"_exactmetrics_sitenote_note":"","_exactmetrics_sitenote_category":0,"footnotes":""},"categories":[20],"tags":[],"_links":{"self":[{"href":"https:\/\/www.ucse.edu.ar\/notiucse\/wp-json\/wp\/v2\/posts\/5405"}],"collection":[{"href":"https:\/\/www.ucse.edu.ar\/notiucse\/wp-json\/wp\/v2\/posts"}],"about":[{"href":"https:\/\/www.ucse.edu.ar\/notiucse\/wp-json\/wp\/v2\/types\/post"}],"author":[{"embeddable":true,"href":"https:\/\/www.ucse.edu.ar\/notiucse\/wp-json\/wp\/v2\/users\/1"}],"replies":[{"embeddable":true,"href":"https:\/\/www.ucse.edu.ar\/notiucse\/wp-json\/wp\/v2\/comments?post=5405"}],"version-history":[{"count":1,"href":"https:\/\/www.ucse.edu.ar\/notiucse\/wp-json\/wp\/v2\/posts\/5405\/revisions"}],"predecessor-version":[{"id":5407,"href":"https:\/\/www.ucse.edu.ar\/notiucse\/wp-json\/wp\/v2\/posts\/5405\/revisions\/5407"}],"wp:featuredmedia":[{"embeddable":true,"href":"https:\/\/www.ucse.edu.ar\/notiucse\/wp-json\/wp\/v2\/media\/5406"}],"wp:attachment":[{"href":"https:\/\/www.ucse.edu.ar\/notiucse\/wp-json\/wp\/v2\/media?parent=5405"}],"wp:term":[{"taxonomy":"category","embeddable":true,"href":"https:\/\/www.ucse.edu.ar\/notiucse\/wp-json\/wp\/v2\/categories?post=5405"},{"taxonomy":"post_tag","embeddable":true,"href":"https:\/\/www.ucse.edu.ar\/notiucse\/wp-json\/wp\/v2\/tags?post=5405"}],"curies":[{"name":"wp","href":"https:\/\/api.w.org\/{rel}","templated":true}]}}