{"id":5408,"date":"2021-05-12T10:32:44","date_gmt":"2021-05-12T13:32:44","guid":{"rendered":"http:\/\/www.ucse.edu.ar\/notiucse\/?p=5408"},"modified":"2021-05-12T10:32:44","modified_gmt":"2021-05-12T13:32:44","slug":"reuniones-de-trabajo-con-el-equipo-de-gestion","status":"publish","type":"post","link":"https:\/\/www.ucse.edu.ar\/notiucse\/2021\/05\/12\/reuniones-de-trabajo-con-el-equipo-de-gestion\/","title":{"rendered":"REUNIONES DE TRABAJO CON EL EQUIPO DE GESTI\u00d3N"},"content":{"rendered":"<p style=\"text-align: justify;\"><a href=\"http:\/\/www.ucse.edu.ar\/notiucse\/wp-content\/uploads\/2021\/05\/51.jpg\"><img fetchpriority=\"high\" decoding=\"async\" class=\"alignnone size-full wp-image-5409\" src=\"http:\/\/www.ucse.edu.ar\/notiucse\/wp-content\/uploads\/2021\/05\/51.jpg\" alt=\"5\" width=\"1001\" height=\"667\" srcset=\"https:\/\/www.ucse.edu.ar\/notiucse\/wp-content\/uploads\/2021\/05\/51.jpg 1001w, https:\/\/www.ucse.edu.ar\/notiucse\/wp-content\/uploads\/2021\/05\/51-300x200.jpg 300w\" sizes=\"(max-width: 1001px) 100vw, 1001px\" \/><\/a><\/p>\n<p style=\"text-align: justify;\">El martes 29 de marzo el Decano convoc\u00f3 a una reuni\u00f3n del equipo de gesti\u00f3n integrado por Secretarias, Pro-Secretarios y Directores de Carrera. En la oportunidad inform\u00f3 respecto de la aprobaci\u00f3n en Consejo Superior de la cobertura de cargos que posibilitaron concretar la adecuaci\u00f3n del DAR a la nueva estructura de gobierno y gesti\u00f3n conforme RCS.444\/19. Adem\u00e1s, se analizaron cuestiones vinculadas al desarrollo de clases, organizaci\u00f3n de actividades acad\u00e9micas y de extensi\u00f3n, informe de evaluaci\u00f3n institucional y continuidad de los procesos de acreditaci\u00f3n de carreras. El mi\u00e9rcoles 7 de abril el Decano organiz\u00f3 una reuni\u00f3n con los responsables de la secretaria de Comunicaci\u00f3n y Relaciones Institucionales y la Pro-Secretar\u00eda de Extensi\u00f3n y Vinculaci\u00f3n para analizar juntos las funciones y competencias de cada una de las mismas conforme a lo previsto en la RCS.444\/19. En igual sentido, el viernes 16 de abril se concret\u00f3 una reuni\u00f3n entre el Decano, la Secretaria Acad\u00e9mica y los responsables de las Pro-Secretar\u00edas de Docencia, Investigaci\u00f3n y de Extensi\u00f3n\/Vinculaci\u00f3n.<\/p>\n<p style=\"text-align: justify;\"><span style=\"color: #000000; font-family: 'Times New Roman'; font-size: medium;\">\u00a0<\/span><\/p>\n","protected":false},"excerpt":{"rendered":"<p>El martes 29 de marzo el Decano convoc\u00f3 a una reuni\u00f3n del equipo de gesti\u00f3n integrado por Secretarias, Pro-Secretarios y Directores de Carrera. En la oportunidad inform\u00f3 respecto de la aprobaci\u00f3n en Consejo Superior de la cobertura de cargos que posibilitaron concretar la adecuaci\u00f3n del DAR a la nueva estructura de gobierno y gesti\u00f3n conforme [&hellip;]<\/p>\n","protected":false},"author":1,"featured_media":5409,"comment_status":"closed","ping_status":"closed","sticky":false,"template":"","format":"standard","meta":{"_exactmetrics_skip_tracking":false,"_exactmetrics_sitenote_active":false,"_exactmetrics_sitenote_note":"","_exactmetrics_sitenote_category":0,"footnotes":""},"categories":[20],"tags":[],"_links":{"self":[{"href":"https:\/\/www.ucse.edu.ar\/notiucse\/wp-json\/wp\/v2\/posts\/5408"}],"collection":[{"href":"https:\/\/www.ucse.edu.ar\/notiucse\/wp-json\/wp\/v2\/posts"}],"about":[{"href":"https:\/\/www.ucse.edu.ar\/notiucse\/wp-json\/wp\/v2\/types\/post"}],"author":[{"embeddable":true,"href":"https:\/\/www.ucse.edu.ar\/notiucse\/wp-json\/wp\/v2\/users\/1"}],"replies":[{"embeddable":true,"href":"https:\/\/www.ucse.edu.ar\/notiucse\/wp-json\/wp\/v2\/comments?post=5408"}],"version-history":[{"count":1,"href":"https:\/\/www.ucse.edu.ar\/notiucse\/wp-json\/wp\/v2\/posts\/5408\/revisions"}],"predecessor-version":[{"id":5410,"href":"https:\/\/www.ucse.edu.ar\/notiucse\/wp-json\/wp\/v2\/posts\/5408\/revisions\/5410"}],"wp:featuredmedia":[{"embeddable":true,"href":"https:\/\/www.ucse.edu.ar\/notiucse\/wp-json\/wp\/v2\/media\/5409"}],"wp:attachment":[{"href":"https:\/\/www.ucse.edu.ar\/notiucse\/wp-json\/wp\/v2\/media?parent=5408"}],"wp:term":[{"taxonomy":"category","embeddable":true,"href":"https:\/\/www.ucse.edu.ar\/notiucse\/wp-json\/wp\/v2\/categories?post=5408"},{"taxonomy":"post_tag","embeddable":true,"href":"https:\/\/www.ucse.edu.ar\/notiucse\/wp-json\/wp\/v2\/tags?post=5408"}],"curies":[{"name":"wp","href":"https:\/\/api.w.org\/{rel}","templated":true}]}}