{"id":5432,"date":"2021-05-26T10:30:01","date_gmt":"2021-05-26T13:30:01","guid":{"rendered":"http:\/\/www.ucse.edu.ar\/notiucse\/?p=5432"},"modified":"2021-05-26T10:30:01","modified_gmt":"2021-05-26T13:30:01","slug":"2da-reunion-consejo-asesor-de-planificacion-estrategica-de-turismo-de-la-provincia-de-santa-fe","status":"publish","type":"post","link":"https:\/\/www.ucse.edu.ar\/notiucse\/2021\/05\/26\/2da-reunion-consejo-asesor-de-planificacion-estrategica-de-turismo-de-la-provincia-de-santa-fe\/","title":{"rendered":"2DA REUNI\u00d3N CONSEJO ASESOR DE PLANIFICACI\u00d3N ESTRAT\u00c9GICA DE TURISMO DE LA PROVINCIA DE SANTA FE"},"content":{"rendered":"<p style=\"text-align: justify;\"><a href=\"http:\/\/www.ucse.edu.ar\/notiucse\/wp-content\/uploads\/2021\/05\/12.jpg\"><img fetchpriority=\"high\" decoding=\"async\" class=\"alignnone size-full wp-image-5434\" src=\"http:\/\/www.ucse.edu.ar\/notiucse\/wp-content\/uploads\/2021\/05\/12.jpg\" alt=\"1\" width=\"1001\" height=\"667\" srcset=\"https:\/\/www.ucse.edu.ar\/notiucse\/wp-content\/uploads\/2021\/05\/12.jpg 1001w, https:\/\/www.ucse.edu.ar\/notiucse\/wp-content\/uploads\/2021\/05\/12-300x200.jpg 300w\" sizes=\"(max-width: 1001px) 100vw, 1001px\" \/><\/a><\/p>\n<p style=\"text-align: justify;\">El jueves 13 de mayo, a trav\u00e9s de un encuentro virtual, se llev\u00f3 a cabo una nueva reuni\u00f3n del Consejo Asesor de Planificaci\u00f3n Estrat\u00e9gica Tur\u00edstica (CAPET), en la cual se abordaron las diferentes tem\u00e1ticas prioritarias para el a\u00f1o 2021 a tratar por el \u00f3rgano.<\/p>\n<p style=\"text-align: justify;\">Participaron de la reuni\u00f3n los referentes de las universidades que dictan carreras vinculadas al turismo en la provincia, institutos terciarios y escuelas secundarias con dicha orientaci\u00f3n. Por la UCSE DAR, estuvo presente el Lic. Alejandro Fr\u00edas, director de la carrera Licenciatura en Turismo de nuestra Sede.<\/p>\n<p style=\"text-align: justify;\">Cabe destacar que el CAPET tiene como objetivo la coordinaci\u00f3n de acciones entre el sector acad\u00e9mico del turismo y el Ejecutivo provincial, a trav\u00e9s de un marco institucional que facilite la realizaci\u00f3n de actividades conjuntas en las \u00e1reas de capacitaci\u00f3n e investigaci\u00f3n, en aspectos vinculados al desarrollo del turismo provincial.<\/p>\n","protected":false},"excerpt":{"rendered":"<p>El jueves 13 de mayo, a trav\u00e9s de un encuentro virtual, se llev\u00f3 a cabo una nueva reuni\u00f3n del Consejo Asesor de Planificaci\u00f3n Estrat\u00e9gica Tur\u00edstica (CAPET), en la cual se abordaron las diferentes tem\u00e1ticas prioritarias para el a\u00f1o 2021 a tratar por el \u00f3rgano. Participaron de la reuni\u00f3n los referentes de las universidades que dictan [&hellip;]<\/p>\n","protected":false},"author":1,"featured_media":5434,"comment_status":"closed","ping_status":"closed","sticky":false,"template":"","format":"standard","meta":{"_exactmetrics_skip_tracking":false,"_exactmetrics_sitenote_active":false,"_exactmetrics_sitenote_note":"","_exactmetrics_sitenote_category":0,"footnotes":""},"categories":[20],"tags":[],"_links":{"self":[{"href":"https:\/\/www.ucse.edu.ar\/notiucse\/wp-json\/wp\/v2\/posts\/5432"}],"collection":[{"href":"https:\/\/www.ucse.edu.ar\/notiucse\/wp-json\/wp\/v2\/posts"}],"about":[{"href":"https:\/\/www.ucse.edu.ar\/notiucse\/wp-json\/wp\/v2\/types\/post"}],"author":[{"embeddable":true,"href":"https:\/\/www.ucse.edu.ar\/notiucse\/wp-json\/wp\/v2\/users\/1"}],"replies":[{"embeddable":true,"href":"https:\/\/www.ucse.edu.ar\/notiucse\/wp-json\/wp\/v2\/comments?post=5432"}],"version-history":[{"count":2,"href":"https:\/\/www.ucse.edu.ar\/notiucse\/wp-json\/wp\/v2\/posts\/5432\/revisions"}],"predecessor-version":[{"id":5435,"href":"https:\/\/www.ucse.edu.ar\/notiucse\/wp-json\/wp\/v2\/posts\/5432\/revisions\/5435"}],"wp:featuredmedia":[{"embeddable":true,"href":"https:\/\/www.ucse.edu.ar\/notiucse\/wp-json\/wp\/v2\/media\/5434"}],"wp:attachment":[{"href":"https:\/\/www.ucse.edu.ar\/notiucse\/wp-json\/wp\/v2\/media?parent=5432"}],"wp:term":[{"taxonomy":"category","embeddable":true,"href":"https:\/\/www.ucse.edu.ar\/notiucse\/wp-json\/wp\/v2\/categories?post=5432"},{"taxonomy":"post_tag","embeddable":true,"href":"https:\/\/www.ucse.edu.ar\/notiucse\/wp-json\/wp\/v2\/tags?post=5432"}],"curies":[{"name":"wp","href":"https:\/\/api.w.org\/{rel}","templated":true}]}}