{"id":5443,"date":"2021-05-26T10:11:15","date_gmt":"2021-05-26T13:11:15","guid":{"rendered":"http:\/\/www.ucse.edu.ar\/notiucse\/?p=5443"},"modified":"2021-05-26T10:11:15","modified_gmt":"2021-05-26T13:11:15","slug":"acto-de-inicio-del-ano-academico-del-cur","status":"publish","type":"post","link":"https:\/\/www.ucse.edu.ar\/notiucse\/2021\/05\/26\/acto-de-inicio-del-ano-academico-del-cur\/","title":{"rendered":"ACTO DE INICIO DEL A\u00d1O ACAD\u00c9MICO DEL CUR"},"content":{"rendered":"<p style=\"text-align: justify;\"><a href=\"http:\/\/www.ucse.edu.ar\/notiucse\/wp-content\/uploads\/2021\/05\/42.jpg\"><img fetchpriority=\"high\" decoding=\"async\" class=\"alignnone size-full wp-image-5444\" src=\"http:\/\/www.ucse.edu.ar\/notiucse\/wp-content\/uploads\/2021\/05\/42.jpg\" alt=\"4\" width=\"1001\" height=\"667\" srcset=\"https:\/\/www.ucse.edu.ar\/notiucse\/wp-content\/uploads\/2021\/05\/42.jpg 1001w, https:\/\/www.ucse.edu.ar\/notiucse\/wp-content\/uploads\/2021\/05\/42-300x200.jpg 300w\" sizes=\"(max-width: 1001px) 100vw, 1001px\" \/><\/a><\/p>\n<p style=\"text-align: justify;\">El jueves 13 de mayo, a partir de las 19 hs, el Consejo Universitario de Rafaela (CUR) inaugur\u00f3 formalmente un nuevo a\u00f1o acad\u00e9mico, atravesado nuevamente por la virtualidad como consecuencia de la pandemia. El encuentro, que congreg\u00f3 a autoridades y estudiantes de las casas de altos estudios que funcionan en la ciudad, estuvo encabezado por el intendente Luis Castellano,<\/p>\n<p style=\"text-align: justify;\">la secretaria de Educaci\u00f3n, Mariana Andereggen, y el presidente del CUR Ignacio L\u00f3pez, director ejecutivo de Instituto Tecnol\u00f3gico Rafaela (ITEC).<\/p>\n<p style=\"text-align: justify;\">Adem\u00e1s, participaron autoridades de las restantes instituciones que integran el CUR: UTN, UNRaf, UCES, UCSE, UCSF e ISP. El presidente del CUR, agradeci\u00f3 al municipio por brindar el espacio y el equipo de trabajo para la realizaci\u00f3n de este nuevo acto; destac\u00f3 la importancia que significa para la ciudad contar con un espacio de di\u00e1logo, consenso, planificaci\u00f3n y acci\u00f3n conjunta entre las instituciones acad\u00e9micas de educaci\u00f3n superior. En relaci\u00f3n a la situaci\u00f3n actual, se\u00f1al\u00f3 que se ha priorizado la salud y por eso las instituciones se han abocado a cumplir con las normativas vigentes en cada situaci\u00f3n, encontrando en la virtualidad la mejor alternativa posible para dar continuidad a las clases. Hizo especial hincapi\u00e9 en el gran trabajo de los docentes y del personal no docente. Finalmente, realiz\u00f3 un reconocimiento a tres directivos del CUR por su trayectoria: Oscar David, Edgardo Allochis y Germ\u00e1n B\u00fcrcher, por sus m\u00e1s de 10 a\u00f1os de servicios en favor del CUR y de la educaci\u00f3n superior en la ciudad. A continuaci\u00f3n, el Intendente Luis Castellano realiz\u00f3 un reconocimiento a cada uno de los directivos de los Institutos y Universidades de Rafaela por haber mantenido el esquema universitario en pie a pesar de la pandemia.<\/p>\n<p style=\"text-align: justify;\">Seguidamente, tambi\u00e9n de manera online, tuvo lugar la charla &#8220;C\u00f3mo ser un estudiante remoto y no ser muteado en el intento&#8221;, a cargo de la docente Noelia Rodr\u00edguez (UCSE DAR); y de los docentes Juan Ignacio Ruggia (UNRAF) y Marcelo S\u00e1nchez (UNRaf, UTN y UCES).<\/p>\n","protected":false},"excerpt":{"rendered":"<p>El jueves 13 de mayo, a partir de las 19 hs, el Consejo Universitario de Rafaela (CUR) inaugur\u00f3 formalmente un nuevo a\u00f1o acad\u00e9mico, atravesado nuevamente por la virtualidad como consecuencia de la pandemia. El encuentro, que congreg\u00f3 a autoridades y estudiantes de las casas de altos estudios que funcionan en la ciudad, estuvo encabezado por [&hellip;]<\/p>\n","protected":false},"author":1,"featured_media":5444,"comment_status":"closed","ping_status":"closed","sticky":false,"template":"","format":"standard","meta":{"_exactmetrics_skip_tracking":false,"_exactmetrics_sitenote_active":false,"_exactmetrics_sitenote_note":"","_exactmetrics_sitenote_category":0,"footnotes":""},"categories":[20],"tags":[],"_links":{"self":[{"href":"https:\/\/www.ucse.edu.ar\/notiucse\/wp-json\/wp\/v2\/posts\/5443"}],"collection":[{"href":"https:\/\/www.ucse.edu.ar\/notiucse\/wp-json\/wp\/v2\/posts"}],"about":[{"href":"https:\/\/www.ucse.edu.ar\/notiucse\/wp-json\/wp\/v2\/types\/post"}],"author":[{"embeddable":true,"href":"https:\/\/www.ucse.edu.ar\/notiucse\/wp-json\/wp\/v2\/users\/1"}],"replies":[{"embeddable":true,"href":"https:\/\/www.ucse.edu.ar\/notiucse\/wp-json\/wp\/v2\/comments?post=5443"}],"version-history":[{"count":1,"href":"https:\/\/www.ucse.edu.ar\/notiucse\/wp-json\/wp\/v2\/posts\/5443\/revisions"}],"predecessor-version":[{"id":5445,"href":"https:\/\/www.ucse.edu.ar\/notiucse\/wp-json\/wp\/v2\/posts\/5443\/revisions\/5445"}],"wp:featuredmedia":[{"embeddable":true,"href":"https:\/\/www.ucse.edu.ar\/notiucse\/wp-json\/wp\/v2\/media\/5444"}],"wp:attachment":[{"href":"https:\/\/www.ucse.edu.ar\/notiucse\/wp-json\/wp\/v2\/media?parent=5443"}],"wp:term":[{"taxonomy":"category","embeddable":true,"href":"https:\/\/www.ucse.edu.ar\/notiucse\/wp-json\/wp\/v2\/categories?post=5443"},{"taxonomy":"post_tag","embeddable":true,"href":"https:\/\/www.ucse.edu.ar\/notiucse\/wp-json\/wp\/v2\/tags?post=5443"}],"curies":[{"name":"wp","href":"https:\/\/api.w.org\/{rel}","templated":true}]}}