{"id":589,"date":"2014-03-12T15:29:40","date_gmt":"2014-03-12T15:29:40","guid":{"rendered":"http:\/\/www.ucse.edu.ar\/notiucse\/?p=589"},"modified":"2014-03-12T15:30:19","modified_gmt":"2014-03-12T15:30:19","slug":"asumio-monsenor-bokalic-el-nuevo-obispo-de-santiago-del-estero","status":"publish","type":"post","link":"https:\/\/www.ucse.edu.ar\/notiucse\/2014\/03\/12\/asumio-monsenor-bokalic-el-nuevo-obispo-de-santiago-del-estero\/","title":{"rendered":"Asumi\u00f3 Monse\u00f1or Bokalic, el nuevo Obispo de Santiago del Estero"},"content":{"rendered":"<p><a href=\"http:\/\/www.ucse.edu.ar\/notiucse\/wp-content\/uploads\/2014\/03\/GLT2285.jpg\"><img fetchpriority=\"high\" decoding=\"async\" class=\"aligncenter size-full wp-image-591\" alt=\"_GLT2285\" src=\"http:\/\/www.ucse.edu.ar\/notiucse\/wp-content\/uploads\/2014\/03\/GLT2285.jpg\" width=\"1600\" height=\"1274\" srcset=\"https:\/\/www.ucse.edu.ar\/notiucse\/wp-content\/uploads\/2014\/03\/GLT2285.jpg 1600w, https:\/\/www.ucse.edu.ar\/notiucse\/wp-content\/uploads\/2014\/03\/GLT2285-300x238.jpg 300w, https:\/\/www.ucse.edu.ar\/notiucse\/wp-content\/uploads\/2014\/03\/GLT2285-1024x815.jpg 1024w\" sizes=\"(max-width: 1600px) 100vw, 1600px\" \/><\/a><\/p>\n<p>El pasado domingo 09 de marzo, ante miles de fieles asumi\u00f3 el nuevo obispo de Santiago del Estero, <strong>Monse\u00f1or Vicente Bokalic<\/strong>, en el marco de una ceremonia presidida por el cardenal Mario Aurelio Poli.<\/p>\n<p>Durante la ceremonia religiosa se dio lectura a la carta de designaci\u00f3n de Bokalic al frente de la di\u00f3cesis local, en el que el Papa Francisco exhorta a los santiague\u00f1os &#8220;a acompa\u00f1ar y seguir en la practica de la caridad con la que amamos a Dios&#8221;.<\/p>\n<p>A poco de iniciarse la ceremonia religiosa, en la explanada de la Catedral Bas\u00edlica, los asistentes se vieron obligados a ingresar al templo religioso por una fuerte tormenta de viento y lluvia que se abati\u00f3 en la capital santiague\u00f1a.<\/p>\n<p>Momentos previos a su asunci\u00f3n, Bokalic mantuvo un encuentro con representantes y religiosos de distintas parroquias, movimientos cristianos e instituciones de la Di\u00f3cesis de Santiago del Estero, que tuvo lugar en el Colegio Madre Mercedes Guerra.<\/p>\n<p>Asimismo, los asistentes participaron de una procesi\u00f3n por calles de la capital santiague\u00f1a acompa\u00f1ada con las im\u00e1genes de Nuestro Se\u00f1or de los Milagros de Mail\u00edn y la Virgen de la Consolaci\u00f3n de Sumampa.<\/p>\n<p>Durante su homilia, Bokalic anunci\u00f3 que su tarea pastoral &#8220;ser\u00e1 en beneficio de los pobres, los m\u00e1s necesitados y enfermos&#8221; en lo que defini\u00f3 como &#8220;el comienzo de una nueva iglesia en Santiago del Estero&#8221;.<\/p>\n<p>En otro pasaje, el prelado indic\u00f3 que &#8220;cuando estamos tentados no escuchamos la palabra de Dios y la tentaci\u00f3n nos encierra y lleva al pecado&#8221;.<\/p>\n<p>&#8220;S\u00f3lo la palabra de Dios nos salva y nos ense\u00f1a como salir de la tentaci\u00f3n&#8221;, a\u00f1adi\u00f3.<\/p>\n<p>Para finalizar, exhort\u00f3 a todos los cristianos &#8220;a construir la iglesia, que es la casa y la escuela de todos los santiague\u00f1os&#8221;.<\/p>\n<p>Antes de su asunci\u00f3n, Bocalik se defini\u00f3 como &#8220;un misionero, no de oficina, sino m\u00e1s bien callejero&#8221; y partidario de &#8220;conocer para comprender la historia del lugar&#8221;.<\/p>\n<p>Sobre las pautas marcadas por el papa Francisco, el prelado indic\u00f3 que &#8220;habr\u00e1 que ver como las aplicamos en las distintas realidades, por eso debemos conocer esa realidad, la gente y sus tradiciones&#8221;.<\/p>\n<p>En la misma ceremonia, el cardenal Poli, recibi\u00f3 el escudo municipal de la denominada &#8220;Madre de Ciudades&#8221; y el decreto con el que se lo distingue como &#8220;visitante ilustre&#8221;.<\/p>\n<p>Bokalic naci\u00f3 el 11 de junio de 1952, en Lan\u00fas, provincia de Buenos Aires y tras haber profesado sus votos perepetuos en la Congregaci\u00f3n Vicentina, en junio de 1976, fue ordenado sacerdote en abril de 1978.<\/p>\n<p>El nuevo prelado fue superior provincial de los padres vicentinos en la Argentina y hasta su designaci\u00f3n episcopal fue vicario parroquial del santuario Nuestra Se\u00f1ora de la Medalla Milagrosa.<\/p>\n<p>En el 2010 fue designado obispo titular de Summa y obispo auxiliar de la arquidi\u00f3cesis de Buenos Aires por Benedicto XVI y el 23 de diciembre de 2013, el Papa Francisco lo design\u00f3 obispo de la di\u00f3cesis de Santiago del Estero, en reemplazo del renunciante Francisco Polti.<\/p>\n<p><a href=\"http:\/\/www.ucse.edu.ar\/notiucse\/wp-content\/uploads\/2014\/03\/GLT2217.jpg\"><img decoding=\"async\" class=\"aligncenter size-full wp-image-590\" alt=\"_GLT2217\" src=\"http:\/\/www.ucse.edu.ar\/notiucse\/wp-content\/uploads\/2014\/03\/GLT2217.jpg\" width=\"1887\" height=\"1222\" srcset=\"https:\/\/www.ucse.edu.ar\/notiucse\/wp-content\/uploads\/2014\/03\/GLT2217.jpg 1887w, https:\/\/www.ucse.edu.ar\/notiucse\/wp-content\/uploads\/2014\/03\/GLT2217-300x194.jpg 300w, https:\/\/www.ucse.edu.ar\/notiucse\/wp-content\/uploads\/2014\/03\/GLT2217-1024x663.jpg 1024w\" sizes=\"(max-width: 1887px) 100vw, 1887px\" \/><\/a> <a href=\"http:\/\/www.ucse.edu.ar\/notiucse\/wp-content\/uploads\/2014\/03\/GLT2334.jpg\"><img decoding=\"async\" class=\"aligncenter size-full wp-image-592\" alt=\"_GLT2334\" src=\"http:\/\/www.ucse.edu.ar\/notiucse\/wp-content\/uploads\/2014\/03\/GLT2334.jpg\" width=\"1904\" height=\"1306\" srcset=\"https:\/\/www.ucse.edu.ar\/notiucse\/wp-content\/uploads\/2014\/03\/GLT2334.jpg 1904w, https:\/\/www.ucse.edu.ar\/notiucse\/wp-content\/uploads\/2014\/03\/GLT2334-300x205.jpg 300w, https:\/\/www.ucse.edu.ar\/notiucse\/wp-content\/uploads\/2014\/03\/GLT2334-1024x702.jpg 1024w\" sizes=\"(max-width: 1904px) 100vw, 1904px\" \/><\/a> <a href=\"http:\/\/www.ucse.edu.ar\/notiucse\/wp-content\/uploads\/2014\/03\/GLT2379.jpg\"><img loading=\"lazy\" decoding=\"async\" class=\"aligncenter size-full wp-image-593\" alt=\"_GLT2379\" src=\"http:\/\/www.ucse.edu.ar\/notiucse\/wp-content\/uploads\/2014\/03\/GLT2379.jpg\" width=\"1971\" height=\"1157\" srcset=\"https:\/\/www.ucse.edu.ar\/notiucse\/wp-content\/uploads\/2014\/03\/GLT2379.jpg 1971w, https:\/\/www.ucse.edu.ar\/notiucse\/wp-content\/uploads\/2014\/03\/GLT2379-300x176.jpg 300w, https:\/\/www.ucse.edu.ar\/notiucse\/wp-content\/uploads\/2014\/03\/GLT2379-1024x601.jpg 1024w\" sizes=\"(max-width: 1971px) 100vw, 1971px\" \/><\/a><\/p>\n<p><strong>Fuente<\/strong>: <a title=\"T\u00e9lam\" href=\"http:\/\/www.telam.com.ar\/notas\/201403\/54634-bokalic-asumio-como-nuevo-obispo-de-santiago-del-estero.html\" target=\"_blank\">T\u00e9lam<\/a><\/p>\n<p><strong>Fotograf\u00edas:<\/strong> Gentileza de la oficina de Prensa del Obispado de Santiago del Estero<\/p>\n","protected":false},"excerpt":{"rendered":"<p>El pasado domingo 09 de marzo, ante miles de fieles asumi\u00f3 el nuevo obispo de Santiago del Estero, Monse\u00f1or Vicente Bokalic, en el marco de una ceremonia presidida por el cardenal Mario Aurelio Poli. Durante la ceremonia religiosa se dio lectura a la carta de designaci\u00f3n de Bokalic al frente de la di\u00f3cesis local, en [&hellip;]<\/p>\n","protected":false},"author":1,"featured_media":591,"comment_status":"closed","ping_status":"closed","sticky":false,"template":"","format":"standard","meta":{"_exactmetrics_skip_tracking":false,"_exactmetrics_sitenote_active":false,"_exactmetrics_sitenote_note":"","_exactmetrics_sitenote_category":0,"footnotes":""},"categories":[72],"tags":[39,41],"_links":{"self":[{"href":"https:\/\/www.ucse.edu.ar\/notiucse\/wp-json\/wp\/v2\/posts\/589"}],"collection":[{"href":"https:\/\/www.ucse.edu.ar\/notiucse\/wp-json\/wp\/v2\/posts"}],"about":[{"href":"https:\/\/www.ucse.edu.ar\/notiucse\/wp-json\/wp\/v2\/types\/post"}],"author":[{"embeddable":true,"href":"https:\/\/www.ucse.edu.ar\/notiucse\/wp-json\/wp\/v2\/users\/1"}],"replies":[{"embeddable":true,"href":"https:\/\/www.ucse.edu.ar\/notiucse\/wp-json\/wp\/v2\/comments?post=589"}],"version-history":[{"count":1,"href":"https:\/\/www.ucse.edu.ar\/notiucse\/wp-json\/wp\/v2\/posts\/589\/revisions"}],"predecessor-version":[{"id":594,"href":"https:\/\/www.ucse.edu.ar\/notiucse\/wp-json\/wp\/v2\/posts\/589\/revisions\/594"}],"wp:featuredmedia":[{"embeddable":true,"href":"https:\/\/www.ucse.edu.ar\/notiucse\/wp-json\/wp\/v2\/media\/591"}],"wp:attachment":[{"href":"https:\/\/www.ucse.edu.ar\/notiucse\/wp-json\/wp\/v2\/media?parent=589"}],"wp:term":[{"taxonomy":"category","embeddable":true,"href":"https:\/\/www.ucse.edu.ar\/notiucse\/wp-json\/wp\/v2\/categories?post=589"},{"taxonomy":"post_tag","embeddable":true,"href":"https:\/\/www.ucse.edu.ar\/notiucse\/wp-json\/wp\/v2\/tags?post=589"}],"curies":[{"name":"wp","href":"https:\/\/api.w.org\/{rel}","templated":true}]}}