{"id":617,"date":"2014-03-19T14:11:56","date_gmt":"2014-03-19T14:11:56","guid":{"rendered":"http:\/\/www.ucse.edu.ar\/notiucse\/?p=617"},"modified":"2014-03-19T14:11:56","modified_gmt":"2014-03-19T14:11:56","slug":"se-realizo-la-mesa-panel-el-post-concilio-vaticano-ii-los-casos-de-alemania-y-argentina-en-la-sede-santiago","status":"publish","type":"post","link":"https:\/\/www.ucse.edu.ar\/notiucse\/2014\/03\/19\/se-realizo-la-mesa-panel-el-post-concilio-vaticano-ii-los-casos-de-alemania-y-argentina-en-la-sede-santiago\/","title":{"rendered":"Se realiz\u00f3 la Mesa Panel &#8220;El post Concilio Vaticano II. Los casos de Alemania y Argentina&#8221; en la Sede Santiago"},"content":{"rendered":"<p style=\"text-align: center;\"><a href=\"http:\/\/www.ucse.edu.ar\/notiucse\/wp-content\/uploads\/2014\/03\/Sin-t\u00edtulo-111.jpg\"><img fetchpriority=\"high\" decoding=\"async\" class=\"aligncenter  wp-image-618\" alt=\"Sin t\u00edtulo-11\" src=\"http:\/\/www.ucse.edu.ar\/notiucse\/wp-content\/uploads\/2014\/03\/Sin-t\u00edtulo-111.jpg\" width=\"1331\" height=\"1010\" srcset=\"https:\/\/www.ucse.edu.ar\/notiucse\/wp-content\/uploads\/2014\/03\/Sin-t\u00edtulo-111.jpg 2218w, https:\/\/www.ucse.edu.ar\/notiucse\/wp-content\/uploads\/2014\/03\/Sin-t\u00edtulo-111-300x227.jpg 300w, https:\/\/www.ucse.edu.ar\/notiucse\/wp-content\/uploads\/2014\/03\/Sin-t\u00edtulo-111-1024x777.jpg 1024w\" sizes=\"(max-width: 1331px) 100vw, 1331px\" \/><\/a><\/p>\n<p>Organizada por la Facultad de Ciencias de la Educaci\u00f3n, se llev\u00f3 a cabo la Mesa Panel &#8220;El post Concilio Vaticano II. Los casos de Alemania y Argentina&#8221; el pasado martes 16 de marzo en el Sal\u00f3n Auditorio de la UCSE.<\/p>\n<p>El panel tuvo como disertantes al <strong>Prof. Dr. Lothar Kuld<\/strong>, Decano de la Facultad de Teolog\u00eda y Profesor Titular de la\u00a0C\u00e1tedra\u00a0de Teolog\u00eda Cat\u00f3lica de la Universidad Educacional Weingarten de Alemania; y la <strong>Dra. Mar\u00eda Mercedes Tenti<\/strong>, Doctora en Ciencias Sociales, Miembro de n\u00famero de la Junta\u00a0Eclesi\u00e1stica\u00a0Argentina y Docente Titular de la UCSE.<\/p>\n<p><a href=\"http:\/\/www.ucse.edu.ar\/notiucse\/wp-content\/uploads\/2014\/03\/Mesa-Panel-0011.jpg\"><img decoding=\"async\" class=\"aligncenter size-full wp-image-620\" alt=\"Mesa Panel 0011\" src=\"http:\/\/www.ucse.edu.ar\/notiucse\/wp-content\/uploads\/2014\/03\/Mesa-Panel-0011.jpg\" width=\"2048\" height=\"1536\" srcset=\"https:\/\/www.ucse.edu.ar\/notiucse\/wp-content\/uploads\/2014\/03\/Mesa-Panel-0011.jpg 2048w, https:\/\/www.ucse.edu.ar\/notiucse\/wp-content\/uploads\/2014\/03\/Mesa-Panel-0011-300x225.jpg 300w, https:\/\/www.ucse.edu.ar\/notiucse\/wp-content\/uploads\/2014\/03\/Mesa-Panel-0011-1024x768.jpg 1024w\" sizes=\"(max-width: 2048px) 100vw, 2048px\" \/><\/a><\/p>\n<p><a href=\"http:\/\/www.ucse.edu.ar\/notiucse\/wp-content\/uploads\/2014\/03\/collage11.jpg\"><img decoding=\"async\" class=\"aligncenter size-full wp-image-619\" alt=\"collage1\" src=\"http:\/\/www.ucse.edu.ar\/notiucse\/wp-content\/uploads\/2014\/03\/collage11.jpg\" width=\"1200\" height=\"396\" srcset=\"https:\/\/www.ucse.edu.ar\/notiucse\/wp-content\/uploads\/2014\/03\/collage11.jpg 1200w, https:\/\/www.ucse.edu.ar\/notiucse\/wp-content\/uploads\/2014\/03\/collage11-300x99.jpg 300w, https:\/\/www.ucse.edu.ar\/notiucse\/wp-content\/uploads\/2014\/03\/collage11-1024x337.jpg 1024w\" sizes=\"(max-width: 1200px) 100vw, 1200px\" \/><\/a><\/p>\n","protected":false},"excerpt":{"rendered":"<p>Organizada por la Facultad de Ciencias de la Educaci\u00f3n, se llev\u00f3 a cabo la Mesa Panel &#8220;El post Concilio Vaticano II. Los casos de Alemania y Argentina&#8221; el pasado martes 16 de marzo en el Sal\u00f3n Auditorio de la UCSE. El panel tuvo como disertantes al Prof. Dr. Lothar Kuld, Decano de la Facultad de [&hellip;]<\/p>\n","protected":false},"author":1,"featured_media":620,"comment_status":"closed","ping_status":"closed","sticky":false,"template":"","format":"standard","meta":{"_exactmetrics_skip_tracking":false,"_exactmetrics_sitenote_active":false,"_exactmetrics_sitenote_note":"","_exactmetrics_sitenote_category":0,"footnotes":""},"categories":[9,72],"tags":[51,47],"_links":{"self":[{"href":"https:\/\/www.ucse.edu.ar\/notiucse\/wp-json\/wp\/v2\/posts\/617"}],"collection":[{"href":"https:\/\/www.ucse.edu.ar\/notiucse\/wp-json\/wp\/v2\/posts"}],"about":[{"href":"https:\/\/www.ucse.edu.ar\/notiucse\/wp-json\/wp\/v2\/types\/post"}],"author":[{"embeddable":true,"href":"https:\/\/www.ucse.edu.ar\/notiucse\/wp-json\/wp\/v2\/users\/1"}],"replies":[{"embeddable":true,"href":"https:\/\/www.ucse.edu.ar\/notiucse\/wp-json\/wp\/v2\/comments?post=617"}],"version-history":[{"count":1,"href":"https:\/\/www.ucse.edu.ar\/notiucse\/wp-json\/wp\/v2\/posts\/617\/revisions"}],"predecessor-version":[{"id":621,"href":"https:\/\/www.ucse.edu.ar\/notiucse\/wp-json\/wp\/v2\/posts\/617\/revisions\/621"}],"wp:featuredmedia":[{"embeddable":true,"href":"https:\/\/www.ucse.edu.ar\/notiucse\/wp-json\/wp\/v2\/media\/620"}],"wp:attachment":[{"href":"https:\/\/www.ucse.edu.ar\/notiucse\/wp-json\/wp\/v2\/media?parent=617"}],"wp:term":[{"taxonomy":"category","embeddable":true,"href":"https:\/\/www.ucse.edu.ar\/notiucse\/wp-json\/wp\/v2\/categories?post=617"},{"taxonomy":"post_tag","embeddable":true,"href":"https:\/\/www.ucse.edu.ar\/notiucse\/wp-json\/wp\/v2\/tags?post=617"}],"curies":[{"name":"wp","href":"https:\/\/api.w.org\/{rel}","templated":true}]}}