{"id":6369,"date":"2022-03-14T11:49:16","date_gmt":"2022-03-14T14:49:16","guid":{"rendered":"http:\/\/www.ucse.edu.ar\/notiucse\/?p=6369"},"modified":"2022-03-14T11:49:16","modified_gmt":"2022-03-14T14:49:16","slug":"se-pone-en-marcha-una-nueva-edicion-del-programa-rafaela-emprende","status":"publish","type":"post","link":"https:\/\/www.ucse.edu.ar\/notiucse\/2022\/03\/14\/se-pone-en-marcha-una-nueva-edicion-del-programa-rafaela-emprende\/","title":{"rendered":"SE PONE EN MARCHA UNA NUEVA EDICI\u00d3N DEL PROGRAMA RAFAELA EMPRENDE"},"content":{"rendered":"<p style=\"text-align: justify;\"><a href=\"http:\/\/www.ucse.edu.ar\/notiucse\/wp-content\/uploads\/2022\/03\/1.jpg\"><img fetchpriority=\"high\" decoding=\"async\" class=\"alignnone size-full wp-image-6370\" src=\"http:\/\/www.ucse.edu.ar\/notiucse\/wp-content\/uploads\/2022\/03\/1.jpg\" alt=\"1\" width=\"1001\" height=\"735\" srcset=\"https:\/\/www.ucse.edu.ar\/notiucse\/wp-content\/uploads\/2022\/03\/1.jpg 1001w, https:\/\/www.ucse.edu.ar\/notiucse\/wp-content\/uploads\/2022\/03\/1-300x220.jpg 300w\" sizes=\"(max-width: 1001px) 100vw, 1001px\" \/><\/a><\/p>\n<p style=\"text-align: justify;\">En una reuni\u00f3n virtual, el jueves 3 de marzo se realiz\u00f3 el primer encuentro de los referentes de las instituciones que forman parte de Rafaela Emprende, programa de formaci\u00f3n y acompa\u00f1amiento con fuerte arraigo territorial que busca a trav\u00e9s de la articulaci\u00f3n conjunta de distintas instituciones, estimular el esp\u00edritu emprendedor y fortalecer emprendimientos rafaelinos.\u00a0 Est\u00e1 especialmente dirigido a personas o equipos de trabajo que tengan una idea de negocio o un emprendimiento en marcha, que produzcan un bien o un servicio propio y busquen capacitarse para mejorar o potenciar sus emprendimientos.<\/p>\n<p style=\"text-align: justify;\">El programa Rafaela Emprende es llevado adelante por la Municipalidad de Rafaela en co-coordinaci\u00f3n con el Instituto Nacional de Tecnolog\u00eda Industrial (INTI), y forman parte del mismo instituciones del entramado productivo emprendedor de nuestra ciudad: Agencia para el Desarrollo (ACDICAR), la Universidad Tecnol\u00f3gica Nacional &#8211; Facultad Regional Rafaela (UTN FRRa), Universidad Cat\u00f3lica de Santiago del Estero (UCSE), Universidad de Ciencias Empresariales y Sociales (UCES), Universidad Nacional de Rafaela (UNRaf), ITEC Rafaela, Centro Comercial e Industrial de Rafaela y la Regi\u00f3n (CCIRR), el Instituto Nacional de Tecnolog\u00eda Agropecuaria (INTA) y el Club de Emprendedores.<\/p>\n<p style=\"text-align: justify;\">De esta primera reuni\u00f3n, participaron por UCSE Rafaela, el prosecretario de Extensi\u00f3n, Lic. Alejandro Fr\u00edas y la directora de las carreras de comunicaci\u00f3n, Lic. Ma. Gabriela Lamy.<\/p>\n","protected":false},"excerpt":{"rendered":"<p>En una reuni\u00f3n virtual, el jueves 3 de marzo se realiz\u00f3 el primer encuentro de los referentes de las instituciones que forman parte de Rafaela Emprende, programa de formaci\u00f3n y acompa\u00f1amiento con fuerte arraigo territorial que busca a trav\u00e9s de la articulaci\u00f3n conjunta de distintas instituciones, estimular el esp\u00edritu emprendedor y fortalecer emprendimientos rafaelinos.\u00a0 Est\u00e1 [&hellip;]<\/p>\n","protected":false},"author":1,"featured_media":6370,"comment_status":"closed","ping_status":"closed","sticky":false,"template":"","format":"standard","meta":{"_exactmetrics_skip_tracking":false,"_exactmetrics_sitenote_active":false,"_exactmetrics_sitenote_note":"","_exactmetrics_sitenote_category":0,"footnotes":""},"categories":[20],"tags":[],"_links":{"self":[{"href":"https:\/\/www.ucse.edu.ar\/notiucse\/wp-json\/wp\/v2\/posts\/6369"}],"collection":[{"href":"https:\/\/www.ucse.edu.ar\/notiucse\/wp-json\/wp\/v2\/posts"}],"about":[{"href":"https:\/\/www.ucse.edu.ar\/notiucse\/wp-json\/wp\/v2\/types\/post"}],"author":[{"embeddable":true,"href":"https:\/\/www.ucse.edu.ar\/notiucse\/wp-json\/wp\/v2\/users\/1"}],"replies":[{"embeddable":true,"href":"https:\/\/www.ucse.edu.ar\/notiucse\/wp-json\/wp\/v2\/comments?post=6369"}],"version-history":[{"count":1,"href":"https:\/\/www.ucse.edu.ar\/notiucse\/wp-json\/wp\/v2\/posts\/6369\/revisions"}],"predecessor-version":[{"id":6371,"href":"https:\/\/www.ucse.edu.ar\/notiucse\/wp-json\/wp\/v2\/posts\/6369\/revisions\/6371"}],"wp:featuredmedia":[{"embeddable":true,"href":"https:\/\/www.ucse.edu.ar\/notiucse\/wp-json\/wp\/v2\/media\/6370"}],"wp:attachment":[{"href":"https:\/\/www.ucse.edu.ar\/notiucse\/wp-json\/wp\/v2\/media?parent=6369"}],"wp:term":[{"taxonomy":"category","embeddable":true,"href":"https:\/\/www.ucse.edu.ar\/notiucse\/wp-json\/wp\/v2\/categories?post=6369"},{"taxonomy":"post_tag","embeddable":true,"href":"https:\/\/www.ucse.edu.ar\/notiucse\/wp-json\/wp\/v2\/tags?post=6369"}],"curies":[{"name":"wp","href":"https:\/\/api.w.org\/{rel}","templated":true}]}}