{"id":6588,"date":"2022-04-22T12:45:16","date_gmt":"2022-04-22T15:45:16","guid":{"rendered":"http:\/\/www.ucse.edu.ar\/notiucse\/?p=6588"},"modified":"2022-04-22T12:45:16","modified_gmt":"2022-04-22T15:45:16","slug":"la-ucse-hizo-entrega-de-la-distincion-doctor-honoris-causa-al-prof-antonio-embid-irujo","status":"publish","type":"post","link":"https:\/\/www.ucse.edu.ar\/notiucse\/2022\/04\/22\/la-ucse-hizo-entrega-de-la-distincion-doctor-honoris-causa-al-prof-antonio-embid-irujo\/","title":{"rendered":"LA UCSE HIZO ENTREGA DE LA DISTINCI\u00d3N \u201cDOCTOR HONORIS CAUSA\u201d AL PROF. ANTONIO EMBID IRUJO"},"content":{"rendered":"<p class=\"x_MsoNormal\" style=\"text-align: justify;\"><img fetchpriority=\"high\" decoding=\"async\" class=\"alignnone size-full wp-image-6589\" src=\"http:\/\/www.ucse.edu.ar\/notiucse\/wp-content\/uploads\/2022\/04\/23.jpg\" alt=\"2\" width=\"1001\" height=\"667\" srcset=\"https:\/\/www.ucse.edu.ar\/notiucse\/wp-content\/uploads\/2022\/04\/23.jpg 1001w, https:\/\/www.ucse.edu.ar\/notiucse\/wp-content\/uploads\/2022\/04\/23-300x200.jpg 300w\" sizes=\"(max-width: 1001px) 100vw, 1001px\" \/><\/p>\n<p class=\"x_MsoNormal\"><span lang=\"ES-AR\">Durante la tarde del mi\u00e9rcoles 20 de abril, la comunidad de la Universidad Cat\u00f3lica de Santiago del Estero se reuni\u00f3 para participar de un momento trascendental en su vida institucional: la entrega de la distinci\u00f3n \u201cDoctor Honoris Causa\u201d. Este se trata del t\u00edtulo honor\u00edfico m\u00e1s importante que puede conceder la Universidad a una personalidad relevante del pa\u00eds o del extranjero, que se haya distinguido de manera sobresaliente por su actuaci\u00f3n en pro del desarrollo de la ciencia y la cultura. Durante el acto de entrega de la distinci\u00f3n, estuvieron presentes por la UCSE el Sr. Rector, Ing. Luis Eugenio Lucena; la Decana de la Facultad de Ciencias Pol\u00edticas, Sociales y Jur\u00eddicas, Abog. Liliana Abdala; el Vicedecano, Abog. Gabriel \u00c1vila; y otras autoridades de la universidad.\u00a0Acompa\u00f1aron el acto tambi\u00e9n con su presencia miembros del STJP, as\u00ed como el Titular del Ministerio P\u00fablico de la Defensa, entre otros funcionarios.\u00a0<\/span><span lang=\"ES-AR\">\u00a0<\/span><\/p>\n<p class=\"x_MsoNormal\"><span lang=\"ES-AR\">En esta oportunidad, el Consejo Superior de la UCSE resolvi\u00f3 entregar esta distinci\u00f3n al Prof. Antonio Embid Irujo, quien es reconocido mundialmente por sus valiosas contribuciones relacionadas al derecho de aguas, derecho del medio ambiente, organizaci\u00f3n del territorio, derecho p\u00fablico de la econom\u00eda, libertades p\u00fablicas y derechos fundamentales. Asimismo, es escritor y particip\u00f3 en numerosos proyectos de investigaci\u00f3n y actividades como consultor s\u00e9nior en toda Europa, Latinoam\u00e9rica y El Caribe, y en organismos internacionales como el BID y la CEPAL. Por otro lado, el Profesor ha forjado una estrecha vinculaci\u00f3n acad\u00e9mica con la Facultad de Ciencias Pol\u00edticas, Sociales y Jur\u00eddicas de la UCSE, brindado una amplia colaboraci\u00f3n para el desarrollo de diversas actividades entre las que cabe especial menci\u00f3n el actual \u201cPrograma de Doctorado en Derecho\u201d en pleno desarrollo (convenio UNIZAR-UCSE).\u00a0<\/span><span lang=\"ES-AR\">\u00a0<\/span><\/p>\n<p class=\"x_MsoNormal\"><span lang=\"ES-AR\">Cabe resaltar que entre las numerosas distinciones que se le otorgaron se destacan la medalla Jos\u00e9 de Calasanz al m\u00e9rito docente otorgada por el Gobierno de Arag\u00f3n; la distinci\u00f3n \u201cDoctor Honoris Causa\u201d otorgada por la Universidad Nacional de Cuyo (RA), por la Universidad Nacional de Mendoza (RA) y por la Universidad Nacional de Salta (RA).\u00a0<\/span><span lang=\"ES-AR\">\u00a0<\/span><\/p>\n","protected":false},"excerpt":{"rendered":"<p>Durante la tarde del mi\u00e9rcoles 20 de abril, la comunidad de la Universidad Cat\u00f3lica de Santiago del Estero se reuni\u00f3 para participar de un momento trascendental en su vida institucional: la entrega de la distinci\u00f3n \u201cDoctor Honoris Causa\u201d. Este se trata del t\u00edtulo honor\u00edfico m\u00e1s importante que puede conceder la Universidad a una personalidad relevante [&hellip;]<\/p>\n","protected":false},"author":1,"featured_media":6589,"comment_status":"closed","ping_status":"closed","sticky":false,"template":"","format":"standard","meta":{"_exactmetrics_skip_tracking":false,"_exactmetrics_sitenote_active":false,"_exactmetrics_sitenote_note":"","_exactmetrics_sitenote_category":0,"footnotes":""},"categories":[5,73,72],"tags":[],"_links":{"self":[{"href":"https:\/\/www.ucse.edu.ar\/notiucse\/wp-json\/wp\/v2\/posts\/6588"}],"collection":[{"href":"https:\/\/www.ucse.edu.ar\/notiucse\/wp-json\/wp\/v2\/posts"}],"about":[{"href":"https:\/\/www.ucse.edu.ar\/notiucse\/wp-json\/wp\/v2\/types\/post"}],"author":[{"embeddable":true,"href":"https:\/\/www.ucse.edu.ar\/notiucse\/wp-json\/wp\/v2\/users\/1"}],"replies":[{"embeddable":true,"href":"https:\/\/www.ucse.edu.ar\/notiucse\/wp-json\/wp\/v2\/comments?post=6588"}],"version-history":[{"count":2,"href":"https:\/\/www.ucse.edu.ar\/notiucse\/wp-json\/wp\/v2\/posts\/6588\/revisions"}],"predecessor-version":[{"id":6603,"href":"https:\/\/www.ucse.edu.ar\/notiucse\/wp-json\/wp\/v2\/posts\/6588\/revisions\/6603"}],"wp:featuredmedia":[{"embeddable":true,"href":"https:\/\/www.ucse.edu.ar\/notiucse\/wp-json\/wp\/v2\/media\/6589"}],"wp:attachment":[{"href":"https:\/\/www.ucse.edu.ar\/notiucse\/wp-json\/wp\/v2\/media?parent=6588"}],"wp:term":[{"taxonomy":"category","embeddable":true,"href":"https:\/\/www.ucse.edu.ar\/notiucse\/wp-json\/wp\/v2\/categories?post=6588"},{"taxonomy":"post_tag","embeddable":true,"href":"https:\/\/www.ucse.edu.ar\/notiucse\/wp-json\/wp\/v2\/tags?post=6588"}],"curies":[{"name":"wp","href":"https:\/\/api.w.org\/{rel}","templated":true}]}}