{"id":6598,"date":"2022-04-22T12:45:07","date_gmt":"2022-04-22T15:45:07","guid":{"rendered":"http:\/\/www.ucse.edu.ar\/notiucse\/?p=6598"},"modified":"2022-04-22T12:45:07","modified_gmt":"2022-04-22T15:45:07","slug":"dio-inicio-el-programa-de-doctorado-en-derecho","status":"publish","type":"post","link":"https:\/\/www.ucse.edu.ar\/notiucse\/2022\/04\/22\/dio-inicio-el-programa-de-doctorado-en-derecho\/","title":{"rendered":"DIO INICIO EL PROGRAMA DE DOCTORADO EN DERECHO"},"content":{"rendered":"<p style=\"text-align: justify;\"><a href=\"http:\/\/www.ucse.edu.ar\/notiucse\/wp-content\/uploads\/2022\/04\/62.jpg\"><img fetchpriority=\"high\" decoding=\"async\" class=\"alignnone size-full wp-image-6604\" src=\"http:\/\/www.ucse.edu.ar\/notiucse\/wp-content\/uploads\/2022\/04\/62.jpg\" alt=\"6\" width=\"1001\" height=\"667\" srcset=\"https:\/\/www.ucse.edu.ar\/notiucse\/wp-content\/uploads\/2022\/04\/62.jpg 1001w, https:\/\/www.ucse.edu.ar\/notiucse\/wp-content\/uploads\/2022\/04\/62-300x200.jpg 300w\" sizes=\"(max-width: 1001px) 100vw, 1001px\" \/><\/a><\/p>\n<p style=\"text-align: justify;\"><span lang=\"ES-AR\">El lunes 18 de abril, se llev\u00f3 a cabo la\u00a0<\/span>apertura de la fase presencial del Programa de Doctorado en Derecho de la Universidad de Zaragoza en convenio con UCSE.\u00a0De la misma participaron el Profesor del doctorado, Dr. Antonio Embid Irujo; la Directora del Programa, Dra. Maria Fern\u00e1ndez; el Acad\u00e9mico, Dr. Sergio Salinas Alcega y el Rector de la UCSE, Ing Luis Eugenio Lucena.\u00a0\u00a0Cabe resaltar que este programa estuvo postergada a causa de la pandemia del COVID \u2013 19.<\/p>\n<p style=\"text-align: justify;\">El Rector remarc\u00f3 el esfuerzo de trabajo colaborativo que signific\u00f3 sostener el desarrollo del programa, a\u00fan en condiciones complejas de pandemia; y adem\u00e1s expres\u00f3 que \u00e9ste es un programa estrat\u00e9gico para la universidad, en tanto permite fiel a su misi\u00f3n y su visi\u00f3n, adem\u00e1s crece y renovarse en la disciplina.<\/p>\n<p style=\"text-align: justify;\">Participan en forma presencial la totalidad de los doctorandos, provenientes de las provincias de La Rioja, Catamarca, Tucum\u00e1n y Santiago del Estero.<\/p>\n","protected":false},"excerpt":{"rendered":"<p>El lunes 18 de abril, se llev\u00f3 a cabo la\u00a0apertura de la fase presencial del Programa de Doctorado en Derecho de la Universidad de Zaragoza en convenio con UCSE.\u00a0De la misma participaron el Profesor del doctorado, Dr. Antonio Embid Irujo; la Directora del Programa, Dra. Maria Fern\u00e1ndez; el Acad\u00e9mico, Dr. Sergio Salinas Alcega y el [&hellip;]<\/p>\n","protected":false},"author":1,"featured_media":6604,"comment_status":"closed","ping_status":"closed","sticky":false,"template":"","format":"standard","meta":{"_exactmetrics_skip_tracking":false,"_exactmetrics_sitenote_active":false,"_exactmetrics_sitenote_note":"","_exactmetrics_sitenote_category":0,"footnotes":""},"categories":[5,73,72],"tags":[],"_links":{"self":[{"href":"https:\/\/www.ucse.edu.ar\/notiucse\/wp-json\/wp\/v2\/posts\/6598"}],"collection":[{"href":"https:\/\/www.ucse.edu.ar\/notiucse\/wp-json\/wp\/v2\/posts"}],"about":[{"href":"https:\/\/www.ucse.edu.ar\/notiucse\/wp-json\/wp\/v2\/types\/post"}],"author":[{"embeddable":true,"href":"https:\/\/www.ucse.edu.ar\/notiucse\/wp-json\/wp\/v2\/users\/1"}],"replies":[{"embeddable":true,"href":"https:\/\/www.ucse.edu.ar\/notiucse\/wp-json\/wp\/v2\/comments?post=6598"}],"version-history":[{"count":2,"href":"https:\/\/www.ucse.edu.ar\/notiucse\/wp-json\/wp\/v2\/posts\/6598\/revisions"}],"predecessor-version":[{"id":6605,"href":"https:\/\/www.ucse.edu.ar\/notiucse\/wp-json\/wp\/v2\/posts\/6598\/revisions\/6605"}],"wp:featuredmedia":[{"embeddable":true,"href":"https:\/\/www.ucse.edu.ar\/notiucse\/wp-json\/wp\/v2\/media\/6604"}],"wp:attachment":[{"href":"https:\/\/www.ucse.edu.ar\/notiucse\/wp-json\/wp\/v2\/media?parent=6598"}],"wp:term":[{"taxonomy":"category","embeddable":true,"href":"https:\/\/www.ucse.edu.ar\/notiucse\/wp-json\/wp\/v2\/categories?post=6598"},{"taxonomy":"post_tag","embeddable":true,"href":"https:\/\/www.ucse.edu.ar\/notiucse\/wp-json\/wp\/v2\/tags?post=6598"}],"curies":[{"name":"wp","href":"https:\/\/api.w.org\/{rel}","templated":true}]}}