{"id":6770,"date":"2022-06-01T14:17:45","date_gmt":"2022-06-01T17:17:45","guid":{"rendered":"http:\/\/www.ucse.edu.ar\/notiucse\/?p=6770"},"modified":"2022-06-01T14:17:45","modified_gmt":"2022-06-01T17:17:45","slug":"ucse-participo-en-reunion-de-plataforma-emprender","status":"publish","type":"post","link":"https:\/\/www.ucse.edu.ar\/notiucse\/2022\/06\/01\/ucse-participo-en-reunion-de-plataforma-emprender\/","title":{"rendered":"UCSE PARTICIP\u00d3 EN REUNI\u00d3N DE PLATAFORMA EMPRENDER"},"content":{"rendered":"<p><a href=\"http:\/\/www.ucse.edu.ar\/notiucse\/wp-content\/uploads\/2022\/06\/2.jpg\"><img fetchpriority=\"high\" decoding=\"async\" class=\"alignnone size-full wp-image-6771\" src=\"http:\/\/www.ucse.edu.ar\/notiucse\/wp-content\/uploads\/2022\/06\/2.jpg\" alt=\"2\" width=\"1001\" height=\"667\" srcset=\"https:\/\/www.ucse.edu.ar\/notiucse\/wp-content\/uploads\/2022\/06\/2.jpg 1001w, https:\/\/www.ucse.edu.ar\/notiucse\/wp-content\/uploads\/2022\/06\/2-300x200.jpg 300w\" sizes=\"(max-width: 1001px) 100vw, 1001px\" \/><\/a><\/p>\n<p style=\"text-align: justify;\">El viernes 27 de mayo, en el Nodo Tecnol\u00f3gico de Santiago del Estero, se llev\u00f3 a cabo la reuni\u00f3n de Directorio del Programa Plataforma Emprender, del que UCSE forma parte.<\/p>\n<p style=\"text-align: justify;\">En esta oportunidad, se realiz\u00f3 una introducci\u00f3n con an\u00e1lisis de demandas frecuentes del medio, planificaci\u00f3n vs. urgencias y pr\u00f3ximas actividades; estrategias de colaboraci\u00f3n interinstitucional; aspectos legales, entre otros.<\/p>\n<p style=\"text-align: justify;\">Por parte de la UCSE estuvo presente la Lic. Alicia Arias Paz, junto al Ing. Adrian Suarez, Secretario de Ciencia y Tecnolog\u00eda; Ing. Edmundo Vizgarra G\u00f3mez, Director de Ciencia y Tecnolog\u00eda; Lic. Cecilia Ordo\u00f1ez, Coordinadora de Plataforma Emprender; Ing. Ramiro Casoliba, Director del Centro INTI Santiago del Estero; Ing. Eveluz I\u00f1iguez, por\u00a0INTA Santiago; Lic. Marcela Juarez, Vice Rectora de la\u00a0Universidad Nacional de Santiago del Estero; Belen Meossi, Gte. de\u00a0Universidad Siglo 21 &#8211; CAU Santiago del Estero; Ing. Ramon Perez, Pte. de\u00a0CPIA SE Sitio Oficial; Guido Bense\u00f1or, Pte. de AGICA; Lic. Joaquin Berdaguer, por el\u00a0CPCE Santiago del Estero; Eugenia Bonneto, por la\u00a0Uni\u00f3n Industrial de Santiago del Estero y el Dr. Lautaro Peralta Galvan, del \u00e1rea Legal de la\u00a0Secretaria de Ciencia y Tecnolog\u00eda.<\/p>\n<p style=\"text-align: justify;\">Entre tanto, de manera virtual estuvieron, Carla Goglia, Gte. de\u00a0Fundaci\u00f3n Empretec Argentina; Paula Monteleone, Coord. de Open Future; Paolo Bergomi, Pte. de\u00a0ALADI PRESIDENCIA.<\/p>\n","protected":false},"excerpt":{"rendered":"<p>El viernes 27 de mayo, en el Nodo Tecnol\u00f3gico de Santiago del Estero, se llev\u00f3 a cabo la reuni\u00f3n de Directorio del Programa Plataforma Emprender, del que UCSE forma parte. En esta oportunidad, se realiz\u00f3 una introducci\u00f3n con an\u00e1lisis de demandas frecuentes del medio, planificaci\u00f3n vs. urgencias y pr\u00f3ximas actividades; estrategias de colaboraci\u00f3n interinstitucional; aspectos [&hellip;]<\/p>\n","protected":false},"author":1,"featured_media":6771,"comment_status":"closed","ping_status":"closed","sticky":false,"template":"","format":"standard","meta":{"_exactmetrics_skip_tracking":false,"_exactmetrics_sitenote_active":false,"_exactmetrics_sitenote_note":"","_exactmetrics_sitenote_category":0,"footnotes":""},"categories":[73,72],"tags":[],"_links":{"self":[{"href":"https:\/\/www.ucse.edu.ar\/notiucse\/wp-json\/wp\/v2\/posts\/6770"}],"collection":[{"href":"https:\/\/www.ucse.edu.ar\/notiucse\/wp-json\/wp\/v2\/posts"}],"about":[{"href":"https:\/\/www.ucse.edu.ar\/notiucse\/wp-json\/wp\/v2\/types\/post"}],"author":[{"embeddable":true,"href":"https:\/\/www.ucse.edu.ar\/notiucse\/wp-json\/wp\/v2\/users\/1"}],"replies":[{"embeddable":true,"href":"https:\/\/www.ucse.edu.ar\/notiucse\/wp-json\/wp\/v2\/comments?post=6770"}],"version-history":[{"count":2,"href":"https:\/\/www.ucse.edu.ar\/notiucse\/wp-json\/wp\/v2\/posts\/6770\/revisions"}],"predecessor-version":[{"id":6803,"href":"https:\/\/www.ucse.edu.ar\/notiucse\/wp-json\/wp\/v2\/posts\/6770\/revisions\/6803"}],"wp:featuredmedia":[{"embeddable":true,"href":"https:\/\/www.ucse.edu.ar\/notiucse\/wp-json\/wp\/v2\/media\/6771"}],"wp:attachment":[{"href":"https:\/\/www.ucse.edu.ar\/notiucse\/wp-json\/wp\/v2\/media?parent=6770"}],"wp:term":[{"taxonomy":"category","embeddable":true,"href":"https:\/\/www.ucse.edu.ar\/notiucse\/wp-json\/wp\/v2\/categories?post=6770"},{"taxonomy":"post_tag","embeddable":true,"href":"https:\/\/www.ucse.edu.ar\/notiucse\/wp-json\/wp\/v2\/tags?post=6770"}],"curies":[{"name":"wp","href":"https:\/\/api.w.org\/{rel}","templated":true}]}}