{"id":6934,"date":"2022-07-08T10:46:31","date_gmt":"2022-07-08T13:46:31","guid":{"rendered":"http:\/\/www.ucse.edu.ar\/notiucse\/?p=6934"},"modified":"2022-07-08T10:46:31","modified_gmt":"2022-07-08T13:46:31","slug":"muestra-de-arte-de-la-bohardilla","status":"publish","type":"post","link":"https:\/\/www.ucse.edu.ar\/notiucse\/2022\/07\/08\/muestra-de-arte-de-la-bohardilla\/","title":{"rendered":"MUESTRA DE ARTE DE \u201cLA BOHARDILLA\u201d"},"content":{"rendered":"<p style=\"text-align: justify;\"><a href=\"http:\/\/www.ucse.edu.ar\/notiucse\/wp-content\/uploads\/2022\/07\/9.jpg\"><img fetchpriority=\"high\" decoding=\"async\" class=\"alignnone size-full wp-image-6935\" src=\"http:\/\/www.ucse.edu.ar\/notiucse\/wp-content\/uploads\/2022\/07\/9.jpg\" alt=\"9\" width=\"1001\" height=\"667\" srcset=\"https:\/\/www.ucse.edu.ar\/notiucse\/wp-content\/uploads\/2022\/07\/9.jpg 1001w, https:\/\/www.ucse.edu.ar\/notiucse\/wp-content\/uploads\/2022\/07\/9-300x200.jpg 300w\" sizes=\"(max-width: 1001px) 100vw, 1001px\" \/><\/a><\/p>\n<p style=\"text-align: justify;\">La Universidad Cat\u00f3lica de Santiago del Estero, la Facultad de Ciencias Pol\u00edticas, Sociales y jur\u00eddicas y el Centro de Graduados de la misma, organizaron una exposici\u00f3n de pinturas de la Asociaci\u00f3n de artistas pl\u00e1sticos santiague\u00f1os \u201cLa Bohardilla\u201d.<\/p>\n<p style=\"text-align: justify;\">\u201cTierra Nuestra\u201d se titula la exposici\u00f3n de arte que se encuentra en el hall central de ingreso al rectorado de la UCSE y de la que podr\u00e1 disfrutar toda la comunidad educativa.<\/p>\n<p style=\"text-align: justify;\">La muestra fue inaugurada el lunes 4 con la presencia del Rector Ing. Luis Lucena, autoridades del centro de graduados, los artistas y familiares.<\/p>\n","protected":false},"excerpt":{"rendered":"<p>La Universidad Cat\u00f3lica de Santiago del Estero, la Facultad de Ciencias Pol\u00edticas, Sociales y jur\u00eddicas y el Centro de Graduados de la misma, organizaron una exposici\u00f3n de pinturas de la Asociaci\u00f3n de artistas pl\u00e1sticos santiague\u00f1os \u201cLa Bohardilla\u201d. \u201cTierra Nuestra\u201d se titula la exposici\u00f3n de arte que se encuentra en el hall central de ingreso al [&hellip;]<\/p>\n","protected":false},"author":1,"featured_media":6936,"comment_status":"closed","ping_status":"closed","sticky":false,"template":"","format":"standard","meta":{"_exactmetrics_skip_tracking":false,"_exactmetrics_sitenote_active":false,"_exactmetrics_sitenote_note":"","_exactmetrics_sitenote_category":0,"footnotes":""},"categories":[73,72],"tags":[],"_links":{"self":[{"href":"https:\/\/www.ucse.edu.ar\/notiucse\/wp-json\/wp\/v2\/posts\/6934"}],"collection":[{"href":"https:\/\/www.ucse.edu.ar\/notiucse\/wp-json\/wp\/v2\/posts"}],"about":[{"href":"https:\/\/www.ucse.edu.ar\/notiucse\/wp-json\/wp\/v2\/types\/post"}],"author":[{"embeddable":true,"href":"https:\/\/www.ucse.edu.ar\/notiucse\/wp-json\/wp\/v2\/users\/1"}],"replies":[{"embeddable":true,"href":"https:\/\/www.ucse.edu.ar\/notiucse\/wp-json\/wp\/v2\/comments?post=6934"}],"version-history":[{"count":1,"href":"https:\/\/www.ucse.edu.ar\/notiucse\/wp-json\/wp\/v2\/posts\/6934\/revisions"}],"predecessor-version":[{"id":6937,"href":"https:\/\/www.ucse.edu.ar\/notiucse\/wp-json\/wp\/v2\/posts\/6934\/revisions\/6937"}],"wp:featuredmedia":[{"embeddable":true,"href":"https:\/\/www.ucse.edu.ar\/notiucse\/wp-json\/wp\/v2\/media\/6936"}],"wp:attachment":[{"href":"https:\/\/www.ucse.edu.ar\/notiucse\/wp-json\/wp\/v2\/media?parent=6934"}],"wp:term":[{"taxonomy":"category","embeddable":true,"href":"https:\/\/www.ucse.edu.ar\/notiucse\/wp-json\/wp\/v2\/categories?post=6934"},{"taxonomy":"post_tag","embeddable":true,"href":"https:\/\/www.ucse.edu.ar\/notiucse\/wp-json\/wp\/v2\/tags?post=6934"}],"curies":[{"name":"wp","href":"https:\/\/api.w.org\/{rel}","templated":true}]}}