{"id":707,"date":"2014-06-10T15:15:42","date_gmt":"2014-06-10T15:15:42","guid":{"rendered":"http:\/\/www.ucse.edu.ar\/notiucse\/?p=707"},"modified":"2014-06-10T15:15:42","modified_gmt":"2014-06-10T15:15:42","slug":"videoconferencia-del-dr-ricardo-lorenzetti-en-la-sede-jujuy","status":"publish","type":"post","link":"https:\/\/www.ucse.edu.ar\/notiucse\/2014\/06\/10\/videoconferencia-del-dr-ricardo-lorenzetti-en-la-sede-jujuy\/","title":{"rendered":"Videoconferencia del Dr. Ricardo Lorenzetti en la sede Jujuy"},"content":{"rendered":"<p>El d\u00eda lunes 09 de junio se realiz\u00f3 en el aula VIII la videoconferencia del Dr. Ricardo Lorenzetti, presidente de la Corte Suprema de Justicia de la Naci\u00f3n, sobre: \u201cDerechos Econ\u00f3micos, Sociales y su implementaci\u00f3n en la Jurisprudencia de la Corte Suprema\u201d.<\/p>\n<p>Asistieron a la misma alumnos de 4\u00ba y 5\u00ba a\u00f1o de las carreras de Abogac\u00eda y Escriban\u00eda.<\/p>\n<p><a href=\"http:\/\/www.ucse.edu.ar\/notiucse\/wp-content\/uploads\/2014\/06\/P6090063.jpg\"><img fetchpriority=\"high\" decoding=\"async\" class=\"aligncenter size-full wp-image-708\" src=\"http:\/\/www.ucse.edu.ar\/notiucse\/wp-content\/uploads\/2014\/06\/P6090063.jpg\" alt=\"OLYMPUS DIGITAL CAMERA\" width=\"4288\" height=\"3216\" srcset=\"https:\/\/www.ucse.edu.ar\/notiucse\/wp-content\/uploads\/2014\/06\/P6090063.jpg 4288w, https:\/\/www.ucse.edu.ar\/notiucse\/wp-content\/uploads\/2014\/06\/P6090063-300x224.jpg 300w, https:\/\/www.ucse.edu.ar\/notiucse\/wp-content\/uploads\/2014\/06\/P6090063-1024x768.jpg 1024w\" sizes=\"(max-width: 4288px) 100vw, 4288px\" \/><\/a> <a href=\"http:\/\/www.ucse.edu.ar\/notiucse\/wp-content\/uploads\/2014\/06\/P6090067.jpg\"><img decoding=\"async\" class=\"aligncenter size-full wp-image-709\" src=\"http:\/\/www.ucse.edu.ar\/notiucse\/wp-content\/uploads\/2014\/06\/P6090067.jpg\" alt=\"OLYMPUS DIGITAL CAMERA\" width=\"4288\" height=\"3216\" srcset=\"https:\/\/www.ucse.edu.ar\/notiucse\/wp-content\/uploads\/2014\/06\/P6090067.jpg 4288w, https:\/\/www.ucse.edu.ar\/notiucse\/wp-content\/uploads\/2014\/06\/P6090067-300x224.jpg 300w, https:\/\/www.ucse.edu.ar\/notiucse\/wp-content\/uploads\/2014\/06\/P6090067-1024x768.jpg 1024w\" sizes=\"(max-width: 4288px) 100vw, 4288px\" \/><\/a><\/p>\n","protected":false},"excerpt":{"rendered":"<p>El d\u00eda lunes 09 de junio se realiz\u00f3 en el aula VIII la videoconferencia del Dr. Ricardo Lorenzetti, presidente de la Corte Suprema de Justicia de la Naci\u00f3n, sobre: \u201cDerechos Econ\u00f3micos, Sociales y su implementaci\u00f3n en la Jurisprudencia de la Corte Suprema\u201d. Asistieron a la misma alumnos de 4\u00ba y 5\u00ba a\u00f1o de las carreras [&hellip;]<\/p>\n","protected":false},"author":1,"featured_media":708,"comment_status":"closed","ping_status":"closed","sticky":false,"template":"","format":"standard","meta":{"_exactmetrics_skip_tracking":false,"_exactmetrics_sitenote_active":false,"_exactmetrics_sitenote_note":"","_exactmetrics_sitenote_category":0,"footnotes":""},"categories":[19],"tags":[56,51,30],"_links":{"self":[{"href":"https:\/\/www.ucse.edu.ar\/notiucse\/wp-json\/wp\/v2\/posts\/707"}],"collection":[{"href":"https:\/\/www.ucse.edu.ar\/notiucse\/wp-json\/wp\/v2\/posts"}],"about":[{"href":"https:\/\/www.ucse.edu.ar\/notiucse\/wp-json\/wp\/v2\/types\/post"}],"author":[{"embeddable":true,"href":"https:\/\/www.ucse.edu.ar\/notiucse\/wp-json\/wp\/v2\/users\/1"}],"replies":[{"embeddable":true,"href":"https:\/\/www.ucse.edu.ar\/notiucse\/wp-json\/wp\/v2\/comments?post=707"}],"version-history":[{"count":1,"href":"https:\/\/www.ucse.edu.ar\/notiucse\/wp-json\/wp\/v2\/posts\/707\/revisions"}],"predecessor-version":[{"id":710,"href":"https:\/\/www.ucse.edu.ar\/notiucse\/wp-json\/wp\/v2\/posts\/707\/revisions\/710"}],"wp:featuredmedia":[{"embeddable":true,"href":"https:\/\/www.ucse.edu.ar\/notiucse\/wp-json\/wp\/v2\/media\/708"}],"wp:attachment":[{"href":"https:\/\/www.ucse.edu.ar\/notiucse\/wp-json\/wp\/v2\/media?parent=707"}],"wp:term":[{"taxonomy":"category","embeddable":true,"href":"https:\/\/www.ucse.edu.ar\/notiucse\/wp-json\/wp\/v2\/categories?post=707"},{"taxonomy":"post_tag","embeddable":true,"href":"https:\/\/www.ucse.edu.ar\/notiucse\/wp-json\/wp\/v2\/tags?post=707"}],"curies":[{"name":"wp","href":"https:\/\/api.w.org\/{rel}","templated":true}]}}