{"id":724,"date":"2014-06-16T14:49:01","date_gmt":"2014-06-16T14:49:01","guid":{"rendered":"http:\/\/www.ucse.edu.ar\/notiucse\/?p=724"},"modified":"2014-06-16T14:49:01","modified_gmt":"2014-06-16T14:49:01","slug":"lanzamiento-del-primer-congreso-internacional-del-gran-chaco-americano-territorio-e-innovacion","status":"publish","type":"post","link":"https:\/\/www.ucse.edu.ar\/notiucse\/2014\/06\/16\/lanzamiento-del-primer-congreso-internacional-del-gran-chaco-americano-territorio-e-innovacion\/","title":{"rendered":"Lanzamiento del Primer Congreso Internacional del Gran Chaco Americano: Territorio e Innovaci\u00f3n"},"content":{"rendered":"<p><a href=\"http:\/\/www.ucse.edu.ar\/notiucse\/wp-content\/uploads\/2014\/06\/10441524_677484955620084_3055355000670234265_n.png\"><img fetchpriority=\"high\" decoding=\"async\" class=\"aligncenter size-full wp-image-726\" src=\"http:\/\/www.ucse.edu.ar\/notiucse\/wp-content\/uploads\/2014\/06\/10441524_677484955620084_3055355000670234265_n.png\" alt=\"10441524_677484955620084_3055355000670234265_n\" width=\"540\" height=\"569\" srcset=\"https:\/\/www.ucse.edu.ar\/notiucse\/wp-content\/uploads\/2014\/06\/10441524_677484955620084_3055355000670234265_n.png 540w, https:\/\/www.ucse.edu.ar\/notiucse\/wp-content\/uploads\/2014\/06\/10441524_677484955620084_3055355000670234265_n-284x300.png 284w\" sizes=\"(max-width: 540px) 100vw, 540px\" \/><\/a>El d\u00eda viernes 6 de Junio pasado, se realiz\u00f3 en el FORUM de nuestra ciudad el lanzamiento del <strong><em>Primer Congreso Internacional del Gran Chaco Americano: Territorio e Innovaci\u00f3n<\/em><\/strong><em>,<\/em>\u00a0convocado bajo el lema\u00a0<strong><em>Territorios en transformaci\u00f3n: nuevas formas de pensar y habitar<\/em><\/strong>; con la presencia del Presidente del INTA, Ing. Francisco Anglesio; el Director Nacional del INTA, Ing. Eliseo Monti; y los Rectores de la Universidad Nacional de Santiago del Estero, Lic. Natividad Nasiff y de la Universidad Cat\u00f3lica de Santiago del Estero, Ing. Luis Eugenio Lucena.<\/p>\n<p>En la oportunidad los funcionarios se refirieron a la importancia del evento tanto a nivel acad\u00e9mico nacional e internacional, ya que convocar\u00e1 a intelectuales, profesionales, estudiantes e integrantes de organizaciones sociales locales y de otros pa\u00edses.<\/p>\n<p>Informaron que el mismo ha sido organizado en el marco del Convenio de Cooperaci\u00f3n T\u00e9cnica denominado, Sistema Integrado de Desarrollo Territorial (SIDT) firmado entre el Gobierno de la provincia de Santiago del Estero, el Instituto Nacional de Tecnolog\u00eda Agropecuaria, la Universidad Nacional de Santiago del Estero y la Universidad Cat\u00f3lica de Santiago del Estero. Se realizar\u00e1 los d\u00edas 6,7 y 8 de Noviembre pr\u00f3ximo en nuestra ciudad motivo por el cual invitaron a sumarse a todos aquellos interesados a colaborar y difundir el Congreso participando en forma activa con la presentaci\u00f3n de trabajos, que sin duda aportar\u00e1n, a mejorar la comunicaci\u00f3n entre Instituciones preocupadas por las realidades locales y regionales que afectan al territorio y particularmente a la poblaci\u00f3n que lo habita.-<\/p>\n<p><a href=\"http:\/\/www.ucse.edu.ar\/notiucse\/wp-content\/uploads\/2014\/06\/collage.jpg\"><img decoding=\"async\" class=\"aligncenter size-full wp-image-725\" src=\"http:\/\/www.ucse.edu.ar\/notiucse\/wp-content\/uploads\/2014\/06\/collage.jpg\" alt=\"collage\" width=\"1200\" height=\"600\" srcset=\"https:\/\/www.ucse.edu.ar\/notiucse\/wp-content\/uploads\/2014\/06\/collage.jpg 1200w, https:\/\/www.ucse.edu.ar\/notiucse\/wp-content\/uploads\/2014\/06\/collage-300x150.jpg 300w, https:\/\/www.ucse.edu.ar\/notiucse\/wp-content\/uploads\/2014\/06\/collage-1024x512.jpg 1024w\" sizes=\"(max-width: 1200px) 100vw, 1200px\" \/><\/a><\/p>\n","protected":false},"excerpt":{"rendered":"<p>El d\u00eda viernes 6 de Junio pasado, se realiz\u00f3 en el FORUM de nuestra ciudad el lanzamiento del Primer Congreso Internacional del Gran Chaco Americano: Territorio e Innovaci\u00f3n,\u00a0convocado bajo el lema\u00a0Territorios en transformaci\u00f3n: nuevas formas de pensar y habitar; con la presencia del Presidente del INTA, Ing. Francisco Anglesio; el Director Nacional del INTA, Ing. [&hellip;]<\/p>\n","protected":false},"author":1,"featured_media":726,"comment_status":"closed","ping_status":"closed","sticky":false,"template":"","format":"standard","meta":{"_exactmetrics_skip_tracking":false,"_exactmetrics_sitenote_active":false,"_exactmetrics_sitenote_note":"","_exactmetrics_sitenote_category":0,"footnotes":""},"categories":[72],"tags":[65,39],"_links":{"self":[{"href":"https:\/\/www.ucse.edu.ar\/notiucse\/wp-json\/wp\/v2\/posts\/724"}],"collection":[{"href":"https:\/\/www.ucse.edu.ar\/notiucse\/wp-json\/wp\/v2\/posts"}],"about":[{"href":"https:\/\/www.ucse.edu.ar\/notiucse\/wp-json\/wp\/v2\/types\/post"}],"author":[{"embeddable":true,"href":"https:\/\/www.ucse.edu.ar\/notiucse\/wp-json\/wp\/v2\/users\/1"}],"replies":[{"embeddable":true,"href":"https:\/\/www.ucse.edu.ar\/notiucse\/wp-json\/wp\/v2\/comments?post=724"}],"version-history":[{"count":1,"href":"https:\/\/www.ucse.edu.ar\/notiucse\/wp-json\/wp\/v2\/posts\/724\/revisions"}],"predecessor-version":[{"id":727,"href":"https:\/\/www.ucse.edu.ar\/notiucse\/wp-json\/wp\/v2\/posts\/724\/revisions\/727"}],"wp:featuredmedia":[{"embeddable":true,"href":"https:\/\/www.ucse.edu.ar\/notiucse\/wp-json\/wp\/v2\/media\/726"}],"wp:attachment":[{"href":"https:\/\/www.ucse.edu.ar\/notiucse\/wp-json\/wp\/v2\/media?parent=724"}],"wp:term":[{"taxonomy":"category","embeddable":true,"href":"https:\/\/www.ucse.edu.ar\/notiucse\/wp-json\/wp\/v2\/categories?post=724"},{"taxonomy":"post_tag","embeddable":true,"href":"https:\/\/www.ucse.edu.ar\/notiucse\/wp-json\/wp\/v2\/tags?post=724"}],"curies":[{"name":"wp","href":"https:\/\/api.w.org\/{rel}","templated":true}]}}