{"id":7379,"date":"2022-10-05T14:08:44","date_gmt":"2022-10-05T17:08:44","guid":{"rendered":"http:\/\/www.ucse.edu.ar\/notiucse\/?p=7379"},"modified":"2022-10-05T14:08:44","modified_gmt":"2022-10-05T17:08:44","slug":"se-llevo-a-cabo-el-ingreso-anticipado-2023-en-la-sede-santiago","status":"publish","type":"post","link":"https:\/\/www.ucse.edu.ar\/notiucse\/2022\/10\/05\/se-llevo-a-cabo-el-ingreso-anticipado-2023-en-la-sede-santiago\/","title":{"rendered":"SE LLEV\u00d3 A CABO EL INGRESO ANTICIPADO 2023 EN LA SEDE SANTIAGO"},"content":{"rendered":"<p style=\"text-align: justify;\"><a href=\"http:\/\/www.ucse.edu.ar\/notiucse\/wp-content\/uploads\/2022\/10\/3.jpg\"><img fetchpriority=\"high\" decoding=\"async\" class=\"alignnone size-full wp-image-7380\" src=\"http:\/\/www.ucse.edu.ar\/notiucse\/wp-content\/uploads\/2022\/10\/3.jpg\" alt=\"3\" width=\"1001\" height=\"667\" srcset=\"https:\/\/www.ucse.edu.ar\/notiucse\/wp-content\/uploads\/2022\/10\/3.jpg 1001w, https:\/\/www.ucse.edu.ar\/notiucse\/wp-content\/uploads\/2022\/10\/3-300x200.jpg 300w\" sizes=\"(max-width: 1001px) 100vw, 1001px\" \/><\/a><\/p>\n<p style=\"text-align: justify;\">Durante la tarde del lunes 3 de octubre, la UCSE dio inicio al proceso del Ingreso Anticipado para el a\u00f1o acad\u00e9mico 2023. De octubre a diciembre se desarrollar\u00e1 el proceso de acompa\u00f1amiento al ingreso universitario, con la asistencia de docentes y tutores que acompa\u00f1ar\u00e1n en la adaptaci\u00f3n, transformaci\u00f3n, reorganizaci\u00f3n personal, familiar y social de los futuros estudiantes universitarios.<\/p>\n<p style=\"text-align: justify;\">En esta oportunidad, fueron m\u00e1s de 500 j\u00f3venes que estuvieron presentes en el acto de apertura del curso y entrega de material, en un clima alegre y distendido. Asimismo, autoridades de la universidad participaron del acto de apertura y dieron una c\u00e1lida bienvenida a los presentes. Adem\u00e1s, se proyect\u00f3 un video preparado para la ocasi\u00f3n.<\/p>\n<p style=\"text-align: justify;\">La UCSE cuenta con una amplia propuesta de carreras en modalidad presencial y en modalidad a distancia (<a href=\"http:\/\/www.ucse.edu.ar\/\">www.ucse.edu.ar<\/a>), contribuye para que los j\u00f3venes de Santiago puedan desarrollar su vocaci\u00f3n en la provincia y colaborar con su profesi\u00f3n a la construcci\u00f3n de futuro mejor para la Naci\u00f3n.<\/p>\n<p style=\"text-align: justify;\">Este curso de ingreso se organiza en tres m\u00f3dulos, adecuados a las necesidades de los aspirantes que atraviesan esta etapa:<\/p>\n<ul style=\"text-align: justify;\">\n<li>Reflexi\u00f3n vocacional<\/li>\n<li>La Vida en la Universidad y en los entornos virtuales<\/li>\n<li>Introducci\u00f3n a la L\u00f3gica disciplinar y al objeto de estudio<\/li>\n<\/ul>\n<p style=\"text-align: justify;\">En cada uno de esos espacios, los aspirantes est\u00e1n acompa\u00f1ados por profesionales de excelencia acad\u00e9mica, formados espec\u00edficamente para atender las necesidades que, cada uno, desde su singularidad puede presentar.<\/p>\n<p>&nbsp;<\/p>\n","protected":false},"excerpt":{"rendered":"<p>Durante la tarde del lunes 3 de octubre, la UCSE dio inicio al proceso del Ingreso Anticipado para el a\u00f1o acad\u00e9mico 2023. De octubre a diciembre se desarrollar\u00e1 el proceso de acompa\u00f1amiento al ingreso universitario, con la asistencia de docentes y tutores que acompa\u00f1ar\u00e1n en la adaptaci\u00f3n, transformaci\u00f3n, reorganizaci\u00f3n personal, familiar y social de los [&hellip;]<\/p>\n","protected":false},"author":1,"featured_media":7380,"comment_status":"closed","ping_status":"closed","sticky":false,"template":"","format":"standard","meta":{"_exactmetrics_skip_tracking":false,"_exactmetrics_sitenote_active":false,"_exactmetrics_sitenote_note":"","_exactmetrics_sitenote_category":0,"footnotes":""},"categories":[73,72],"tags":[],"_links":{"self":[{"href":"https:\/\/www.ucse.edu.ar\/notiucse\/wp-json\/wp\/v2\/posts\/7379"}],"collection":[{"href":"https:\/\/www.ucse.edu.ar\/notiucse\/wp-json\/wp\/v2\/posts"}],"about":[{"href":"https:\/\/www.ucse.edu.ar\/notiucse\/wp-json\/wp\/v2\/types\/post"}],"author":[{"embeddable":true,"href":"https:\/\/www.ucse.edu.ar\/notiucse\/wp-json\/wp\/v2\/users\/1"}],"replies":[{"embeddable":true,"href":"https:\/\/www.ucse.edu.ar\/notiucse\/wp-json\/wp\/v2\/comments?post=7379"}],"version-history":[{"count":1,"href":"https:\/\/www.ucse.edu.ar\/notiucse\/wp-json\/wp\/v2\/posts\/7379\/revisions"}],"predecessor-version":[{"id":7381,"href":"https:\/\/www.ucse.edu.ar\/notiucse\/wp-json\/wp\/v2\/posts\/7379\/revisions\/7381"}],"wp:featuredmedia":[{"embeddable":true,"href":"https:\/\/www.ucse.edu.ar\/notiucse\/wp-json\/wp\/v2\/media\/7380"}],"wp:attachment":[{"href":"https:\/\/www.ucse.edu.ar\/notiucse\/wp-json\/wp\/v2\/media?parent=7379"}],"wp:term":[{"taxonomy":"category","embeddable":true,"href":"https:\/\/www.ucse.edu.ar\/notiucse\/wp-json\/wp\/v2\/categories?post=7379"},{"taxonomy":"post_tag","embeddable":true,"href":"https:\/\/www.ucse.edu.ar\/notiucse\/wp-json\/wp\/v2\/tags?post=7379"}],"curies":[{"name":"wp","href":"https:\/\/api.w.org\/{rel}","templated":true}]}}