{"id":751,"date":"2014-07-02T15:09:41","date_gmt":"2014-07-02T15:09:41","guid":{"rendered":"http:\/\/www.ucse.edu.ar\/notiucse\/?p=751"},"modified":"2014-07-02T15:09:41","modified_gmt":"2014-07-02T15:09:41","slug":"el-director-de-la-sede-rafaela-saludo-al-papa-francisco-y-le-hizo-entrega-de-una-nota-de-parte-de-toda-la-comunidad-educativa","status":"publish","type":"post","link":"https:\/\/www.ucse.edu.ar\/notiucse\/2014\/07\/02\/el-director-de-la-sede-rafaela-saludo-al-papa-francisco-y-le-hizo-entrega-de-una-nota-de-parte-de-toda-la-comunidad-educativa\/","title":{"rendered":"El Director de la sede Rafaela salud\u00f3 al Papa Francisco y le hizo entrega de una nota de parte de toda la comunidad educativa"},"content":{"rendered":"<p>El pasado mi\u00e9rcoles 11 de junio, el Director del Departamento Acad\u00e9mico Rafaela (DAR), Edgardo Allochis particip\u00f3 de la audiencia general celebrada en la Plaza San Pedro. Tuvo la oportunidad de saludar al Papa Francisco y de hacerle entrega de una carta de parte de toda la comunidad educativa de la UCSE.<\/p>\n<p><a href=\"http:\/\/www.ucse.edu.ar\/notiucse\/wp-content\/uploads\/2014\/07\/carta1.jpg\"><img fetchpriority=\"high\" decoding=\"async\" class=\"aligncenter size-full wp-image-752\" src=\"http:\/\/www.ucse.edu.ar\/notiucse\/wp-content\/uploads\/2014\/07\/carta1.jpg\" alt=\"carta1\" width=\"2250\" height=\"3140\" srcset=\"https:\/\/www.ucse.edu.ar\/notiucse\/wp-content\/uploads\/2014\/07\/carta1.jpg 2250w, https:\/\/www.ucse.edu.ar\/notiucse\/wp-content\/uploads\/2014\/07\/carta1-214x300.jpg 214w, https:\/\/www.ucse.edu.ar\/notiucse\/wp-content\/uploads\/2014\/07\/carta1-733x1024.jpg 733w\" sizes=\"(max-width: 2250px) 100vw, 2250px\" \/><\/a><\/p>\n<p><a href=\"http:\/\/www.ucse.edu.ar\/notiucse\/wp-content\/uploads\/2014\/07\/11.jpg\"><img decoding=\"async\" class=\"aligncenter size-full wp-image-753\" src=\"http:\/\/www.ucse.edu.ar\/notiucse\/wp-content\/uploads\/2014\/07\/11.jpg\" alt=\"11\" width=\"2075\" height=\"1366\" srcset=\"https:\/\/www.ucse.edu.ar\/notiucse\/wp-content\/uploads\/2014\/07\/11.jpg 2075w, https:\/\/www.ucse.edu.ar\/notiucse\/wp-content\/uploads\/2014\/07\/11-300x197.jpg 300w, https:\/\/www.ucse.edu.ar\/notiucse\/wp-content\/uploads\/2014\/07\/11-1024x674.jpg 1024w\" sizes=\"(max-width: 2075px) 100vw, 2075px\" \/><\/a><\/p>\n<p>&nbsp;<\/p>\n<p>D\u00edas despu\u00e9s se recibi\u00f3 una respuesta a dicha carta de parte del asesor del Papa Francisco. Dicha carta expresa textualmente:<\/p>\n<blockquote>\n<p style=\"text-align: center;\"><em>Vaticano, 16 de junio de 2014.\u00a0\u00a0 <\/em><\/p>\n<p style=\"text-align: center;\"><em>Movido por sentimientos de filial afecto y cercan\u00eda ha tenido la gentileza de enviar al Santo Padre una amable carta, al mismo tiempo que le transmite diversos mensajes de profesores, empleados y alumnos de la Universidad Cat\u00f3lica de Santiago del Estero, de Rafaela.\u00a0\u00a0 El Papa Francisco agradece esta muestra de cordial cercan\u00eda y suplica que contin\u00faen rezando por \u00e9l y por los frutos de su servicio a la Iglesia, al mismo tiempo que les imparte la implorada Bendici\u00f3n Apost\u00f3lica, que complacido hace extensiva a sus familias y seres queridos.\u00a0<\/em><\/p>\n<p style=\"text-align: center;\"><em> Aprovecho esta oportunidad para expresarle el testimonio de mi consideraci\u00f3n y estima en Cristo.\u00a0\u00a0 <\/em><\/p>\n<p style=\"text-align: center;\"><em>Fdo: Mons. Peter B. Wells \u2013Asesor.<\/em><\/p>\n<\/blockquote>\n<p>&nbsp;<\/p>\n","protected":false},"excerpt":{"rendered":"<p>El pasado mi\u00e9rcoles 11 de junio, el Director del Departamento Acad\u00e9mico Rafaela (DAR), Edgardo Allochis particip\u00f3 de la audiencia general celebrada en la Plaza San Pedro. Tuvo la oportunidad de saludar al Papa Francisco y de hacerle entrega de una carta de parte de toda la comunidad educativa de la UCSE. &nbsp; D\u00edas despu\u00e9s se [&hellip;]<\/p>\n","protected":false},"author":1,"featured_media":753,"comment_status":"closed","ping_status":"closed","sticky":false,"template":"","format":"standard","meta":{"_exactmetrics_skip_tracking":false,"_exactmetrics_sitenote_active":false,"_exactmetrics_sitenote_note":"","_exactmetrics_sitenote_category":0,"footnotes":""},"categories":[20],"tags":[35,39,28],"_links":{"self":[{"href":"https:\/\/www.ucse.edu.ar\/notiucse\/wp-json\/wp\/v2\/posts\/751"}],"collection":[{"href":"https:\/\/www.ucse.edu.ar\/notiucse\/wp-json\/wp\/v2\/posts"}],"about":[{"href":"https:\/\/www.ucse.edu.ar\/notiucse\/wp-json\/wp\/v2\/types\/post"}],"author":[{"embeddable":true,"href":"https:\/\/www.ucse.edu.ar\/notiucse\/wp-json\/wp\/v2\/users\/1"}],"replies":[{"embeddable":true,"href":"https:\/\/www.ucse.edu.ar\/notiucse\/wp-json\/wp\/v2\/comments?post=751"}],"version-history":[{"count":1,"href":"https:\/\/www.ucse.edu.ar\/notiucse\/wp-json\/wp\/v2\/posts\/751\/revisions"}],"predecessor-version":[{"id":754,"href":"https:\/\/www.ucse.edu.ar\/notiucse\/wp-json\/wp\/v2\/posts\/751\/revisions\/754"}],"wp:featuredmedia":[{"embeddable":true,"href":"https:\/\/www.ucse.edu.ar\/notiucse\/wp-json\/wp\/v2\/media\/753"}],"wp:attachment":[{"href":"https:\/\/www.ucse.edu.ar\/notiucse\/wp-json\/wp\/v2\/media?parent=751"}],"wp:term":[{"taxonomy":"category","embeddable":true,"href":"https:\/\/www.ucse.edu.ar\/notiucse\/wp-json\/wp\/v2\/categories?post=751"},{"taxonomy":"post_tag","embeddable":true,"href":"https:\/\/www.ucse.edu.ar\/notiucse\/wp-json\/wp\/v2\/tags?post=751"}],"curies":[{"name":"wp","href":"https:\/\/api.w.org\/{rel}","templated":true}]}}