{"id":7777,"date":"2022-12-02T09:54:57","date_gmt":"2022-12-02T12:54:57","guid":{"rendered":"http:\/\/www.ucse.edu.ar\/notiucse\/?p=7777"},"modified":"2024-03-01T12:20:12","modified_gmt":"2024-03-01T15:20:12","slug":"el-daba-tuvo-su-acto-de-colacion","status":"publish","type":"post","link":"https:\/\/www.ucse.edu.ar\/notiucse\/2022\/12\/02\/el-daba-tuvo-su-acto-de-colacion\/","title":{"rendered":"El DABA tuvo su Acto de Colaci\u00f3n"},"content":{"rendered":"<p style=\"text-align: justify;\"><a href=\"http:\/\/www.ucse.edu.ar\/notiucse\/wp-content\/uploads\/2022\/12\/8.jpg\"><img fetchpriority=\"high\" decoding=\"async\" class=\"alignnone size-full wp-image-7778\" src=\"http:\/\/www.ucse.edu.ar\/notiucse\/wp-content\/uploads\/2022\/12\/8.jpg\" alt=\"8\" width=\"1001\" height=\"667\" srcset=\"https:\/\/www.ucse.edu.ar\/notiucse\/wp-content\/uploads\/2022\/12\/8.jpg 1001w, https:\/\/www.ucse.edu.ar\/notiucse\/wp-content\/uploads\/2022\/12\/8-300x200.jpg 300w\" sizes=\"(max-width: 1001px) 100vw, 1001px\" \/><\/a><\/p>\n<p style=\"text-align: justify;\">El viernes 25 noviembre se realiz\u00f3 el Acto de Colaci\u00f3n de Grado del Departamento Acad\u00e9mico Buenos Aires (DABA). En esta oportunidad, hubo egresados de las carreras de: Abogac\u00eda, Contador P\u00fablico, Martillero P\u00fablico y la Lic. en Bibliotecolog\u00eda, quienes recibieron sus diplomas entregados por la Decana de la sede, Abog. Liliana Bruzzo.<\/p>\n<p style=\"text-align: justify;\">Tambi\u00e9n formaron parte del acto el Rector de la Universidad, Ing. Luis Lucena, el Padre Tino quien hizo la bendici\u00f3n de los diplomas y el equipo de gesti\u00f3n del DABA.<\/p>\n<p style=\"text-align: justify;\">\n","protected":false},"excerpt":{"rendered":"<p>El viernes 25 noviembre se realiz\u00f3 el Acto de Colaci\u00f3n de Grado del Departamento Acad\u00e9mico Buenos Aires (DABA). En esta oportunidad, hubo egresados de las carreras de: Abogac\u00eda, Contador P\u00fablico, Martillero P\u00fablico y la Lic. en Bibliotecolog\u00eda, quienes recibieron sus diplomas entregados por la Decana de la sede, Abog. Liliana Bruzzo. Tambi\u00e9n formaron parte del [&hellip;]<\/p>\n","protected":false},"author":1,"featured_media":7779,"comment_status":"closed","ping_status":"closed","sticky":false,"template":"","format":"standard","meta":{"_exactmetrics_skip_tracking":false,"_exactmetrics_sitenote_active":false,"_exactmetrics_sitenote_note":"","_exactmetrics_sitenote_category":0,"footnotes":""},"categories":[21],"tags":[],"_links":{"self":[{"href":"https:\/\/www.ucse.edu.ar\/notiucse\/wp-json\/wp\/v2\/posts\/7777"}],"collection":[{"href":"https:\/\/www.ucse.edu.ar\/notiucse\/wp-json\/wp\/v2\/posts"}],"about":[{"href":"https:\/\/www.ucse.edu.ar\/notiucse\/wp-json\/wp\/v2\/types\/post"}],"author":[{"embeddable":true,"href":"https:\/\/www.ucse.edu.ar\/notiucse\/wp-json\/wp\/v2\/users\/1"}],"replies":[{"embeddable":true,"href":"https:\/\/www.ucse.edu.ar\/notiucse\/wp-json\/wp\/v2\/comments?post=7777"}],"version-history":[{"count":3,"href":"https:\/\/www.ucse.edu.ar\/notiucse\/wp-json\/wp\/v2\/posts\/7777\/revisions"}],"predecessor-version":[{"id":9612,"href":"https:\/\/www.ucse.edu.ar\/notiucse\/wp-json\/wp\/v2\/posts\/7777\/revisions\/9612"}],"wp:featuredmedia":[{"embeddable":true,"href":"https:\/\/www.ucse.edu.ar\/notiucse\/wp-json\/wp\/v2\/media\/7779"}],"wp:attachment":[{"href":"https:\/\/www.ucse.edu.ar\/notiucse\/wp-json\/wp\/v2\/media?parent=7777"}],"wp:term":[{"taxonomy":"category","embeddable":true,"href":"https:\/\/www.ucse.edu.ar\/notiucse\/wp-json\/wp\/v2\/categories?post=7777"},{"taxonomy":"post_tag","embeddable":true,"href":"https:\/\/www.ucse.edu.ar\/notiucse\/wp-json\/wp\/v2\/tags?post=7777"}],"curies":[{"name":"wp","href":"https:\/\/api.w.org\/{rel}","templated":true}]}}