{"id":7866,"date":"2023-02-16T20:25:00","date_gmt":"2023-02-16T23:25:00","guid":{"rendered":"http:\/\/www.ucse.edu.ar\/notiucse\/?p=7866"},"modified":"2023-02-16T20:25:00","modified_gmt":"2023-02-16T23:25:00","slug":"acto-de-apertura-del-curso-de-ingreso-2023","status":"publish","type":"post","link":"https:\/\/www.ucse.edu.ar\/notiucse\/2023\/02\/16\/acto-de-apertura-del-curso-de-ingreso-2023\/","title":{"rendered":"ACTO DE APERTURA DEL CURSO DE INGRESO 2023"},"content":{"rendered":"<p style=\"text-align: justify;\"><a href=\"http:\/\/www.ucse.edu.ar\/notiucse\/wp-content\/uploads\/2023\/02\/4.jpg\"><img fetchpriority=\"high\" decoding=\"async\" class=\"alignnone size-full wp-image-7867\" src=\"http:\/\/www.ucse.edu.ar\/notiucse\/wp-content\/uploads\/2023\/02\/4.jpg\" alt=\"4\" width=\"1001\" height=\"667\" srcset=\"https:\/\/www.ucse.edu.ar\/notiucse\/wp-content\/uploads\/2023\/02\/4.jpg 1001w, https:\/\/www.ucse.edu.ar\/notiucse\/wp-content\/uploads\/2023\/02\/4-300x200.jpg 300w\" sizes=\"(max-width: 1001px) 100vw, 1001px\" \/><\/a><\/p>\n<p style=\"text-align: justify;\"><span style=\"font-size: 13.5pt; color: black;\">La Universidad Cat\u00f3lica de Santiago del Estero recibi\u00f3 el martes 14 de febrero a los aspirantes a ingresar a estudiar las carreras de grado y pregrado que ofrece esta casa de altos estudios. A partir de las 19 hs. se convoc\u00f3 a los estudiantes a participar del Acto de apertura del Ingreso 2023 e inicio de clases.\u00a0<\/span><\/p>\n<p style=\"text-align: justify;\"><span style=\"font-size: 13.5pt; color: black;\">En esta oportunidad, el lugar elegido para dar la bienvenida a los nuevos estudiantes fue el Aula Magna, mientras que la entrega del material de estudio se llev\u00f3 a cabo con posterioridad en las aulas. Adem\u00e1s de los ingresantes, estuvieron presentes autoridades de la UCSE, Decanas de las diferentes facultades, docentes y familiares.\u00a0<\/span><\/p>\n<p style=\"text-align: justify;\"><span style=\"font-size: 13.5pt; color: black;\">La modalidad del curso es presencial, con asistencia a clases y se combina con actividades en la plataforma virtual. Se desarrollar\u00e1 del 14 de febrero al 17 de marzo, con clases en horario vespertino.\u00a0<\/span><span style=\"font-size: 13.5pt; color: black;\">Se organiza en 3 m\u00f3dulos obligatorios: Reflexi\u00f3n vocacional; La vida en la Universidad y en los entornos virtuales; Introducci\u00f3n a la l\u00f3gica disciplinar y al objeto de estudio.<\/span><\/p>\n<p style=\"text-align: justify;\"><span style=\"font-size: 13.5pt; color: black;\">Es importante destacar que contin\u00faan abiertas las inscripciones para realizar el curso de ingreso, tambi\u00e9n llamado programa de Integraci\u00f3n a la Universidad. Los interesados deben ingresar a www.ucse.edu.ar y completar el formulario correspondiente.<\/span><\/p>\n","protected":false},"excerpt":{"rendered":"<p>La Universidad Cat\u00f3lica de Santiago del Estero recibi\u00f3 el martes 14 de febrero a los aspirantes a ingresar a estudiar las carreras de grado y pregrado que ofrece esta casa de altos estudios. A partir de las 19 hs. se convoc\u00f3 a los estudiantes a participar del Acto de apertura del Ingreso 2023 e inicio [&hellip;]<\/p>\n","protected":false},"author":1,"featured_media":7868,"comment_status":"closed","ping_status":"closed","sticky":false,"template":"","format":"standard","meta":{"_exactmetrics_skip_tracking":false,"_exactmetrics_sitenote_active":false,"_exactmetrics_sitenote_note":"","_exactmetrics_sitenote_category":0,"footnotes":""},"categories":[73,72],"tags":[],"_links":{"self":[{"href":"https:\/\/www.ucse.edu.ar\/notiucse\/wp-json\/wp\/v2\/posts\/7866"}],"collection":[{"href":"https:\/\/www.ucse.edu.ar\/notiucse\/wp-json\/wp\/v2\/posts"}],"about":[{"href":"https:\/\/www.ucse.edu.ar\/notiucse\/wp-json\/wp\/v2\/types\/post"}],"author":[{"embeddable":true,"href":"https:\/\/www.ucse.edu.ar\/notiucse\/wp-json\/wp\/v2\/users\/1"}],"replies":[{"embeddable":true,"href":"https:\/\/www.ucse.edu.ar\/notiucse\/wp-json\/wp\/v2\/comments?post=7866"}],"version-history":[{"count":1,"href":"https:\/\/www.ucse.edu.ar\/notiucse\/wp-json\/wp\/v2\/posts\/7866\/revisions"}],"predecessor-version":[{"id":7869,"href":"https:\/\/www.ucse.edu.ar\/notiucse\/wp-json\/wp\/v2\/posts\/7866\/revisions\/7869"}],"wp:featuredmedia":[{"embeddable":true,"href":"https:\/\/www.ucse.edu.ar\/notiucse\/wp-json\/wp\/v2\/media\/7868"}],"wp:attachment":[{"href":"https:\/\/www.ucse.edu.ar\/notiucse\/wp-json\/wp\/v2\/media?parent=7866"}],"wp:term":[{"taxonomy":"category","embeddable":true,"href":"https:\/\/www.ucse.edu.ar\/notiucse\/wp-json\/wp\/v2\/categories?post=7866"},{"taxonomy":"post_tag","embeddable":true,"href":"https:\/\/www.ucse.edu.ar\/notiucse\/wp-json\/wp\/v2\/tags?post=7866"}],"curies":[{"name":"wp","href":"https:\/\/api.w.org\/{rel}","templated":true}]}}