{"id":7901,"date":"2023-03-02T20:54:06","date_gmt":"2023-03-02T23:54:06","guid":{"rendered":"http:\/\/www.ucse.edu.ar\/notiucse\/?p=7901"},"modified":"2023-03-02T20:54:06","modified_gmt":"2023-03-02T23:54:06","slug":"celebracion-de-la-misa-de-miercoles-de-ceniza","status":"publish","type":"post","link":"https:\/\/www.ucse.edu.ar\/notiucse\/2023\/03\/02\/celebracion-de-la-misa-de-miercoles-de-ceniza\/","title":{"rendered":"CELEBRACI\u00d3N DE LA MISA DE MI\u00c9RCOLES DE CENIZA"},"content":{"rendered":"<p style=\"text-align: justify;\"><a href=\"http:\/\/www.ucse.edu.ar\/notiucse\/wp-content\/uploads\/2023\/03\/2.jpg\"><img fetchpriority=\"high\" decoding=\"async\" class=\"alignnone size-full wp-image-7902\" src=\"http:\/\/www.ucse.edu.ar\/notiucse\/wp-content\/uploads\/2023\/03\/2.jpg\" alt=\"2\" width=\"1001\" height=\"667\" srcset=\"https:\/\/www.ucse.edu.ar\/notiucse\/wp-content\/uploads\/2023\/03\/2.jpg 1001w, https:\/\/www.ucse.edu.ar\/notiucse\/wp-content\/uploads\/2023\/03\/2-300x200.jpg 300w\" sizes=\"(max-width: 1001px) 100vw, 1001px\" \/><\/a><\/p>\n<p style=\"text-align: justify;\">El Fray V\u00edctor Fern\u00e1ndez celebr\u00f3 la Misa de Mi\u00e9rcoles de Ceniza el 22 de febrero en el sal\u00f3n Auditorio de la Universidad Cat\u00f3lica de Santiago del Estero.<\/p>\n<p style=\"text-align: justify;\"><span style=\"font-size: 13.5pt; color: black;\">Miembros de la Comunidad Universitaria participaron de esta importante celebraci\u00f3n, con la que se pone en marcha la cuenta regresiva para el inicio de la Semana Santa. Este momento marca el inicio a la Cuaresma, 40 d\u00edas de preparaci\u00f3n para la Pascua, que comienza el Mi\u00e9rcoles de Ceniza y termina en la tarde del Jueves Santo.<\/span><\/p>\n<p style=\"text-align: justify;\"><span style=\"font-size: 13.5pt; color: black;\">La imposici\u00f3n de la ceniza, que consiste en dibujar una cruz en la frente de quien lo desee, es el rito caracter\u00edstico de esta celebraci\u00f3n que se obtiene de la incineraci\u00f3n de los ramos bendecidos el Domingo de Ramos del a\u00f1o anterior.<\/span><\/p>\n","protected":false},"excerpt":{"rendered":"<p>El Fray V\u00edctor Fern\u00e1ndez celebr\u00f3 la Misa de Mi\u00e9rcoles de Ceniza el 22 de febrero en el sal\u00f3n Auditorio de la Universidad Cat\u00f3lica de Santiago del Estero. Miembros de la Comunidad Universitaria participaron de esta importante celebraci\u00f3n, con la que se pone en marcha la cuenta regresiva para el inicio de la Semana Santa. Este [&hellip;]<\/p>\n","protected":false},"author":1,"featured_media":7903,"comment_status":"closed","ping_status":"closed","sticky":false,"template":"","format":"standard","meta":{"_exactmetrics_skip_tracking":false,"_exactmetrics_sitenote_active":false,"_exactmetrics_sitenote_note":"","_exactmetrics_sitenote_category":0,"footnotes":""},"categories":[73,72],"tags":[],"_links":{"self":[{"href":"https:\/\/www.ucse.edu.ar\/notiucse\/wp-json\/wp\/v2\/posts\/7901"}],"collection":[{"href":"https:\/\/www.ucse.edu.ar\/notiucse\/wp-json\/wp\/v2\/posts"}],"about":[{"href":"https:\/\/www.ucse.edu.ar\/notiucse\/wp-json\/wp\/v2\/types\/post"}],"author":[{"embeddable":true,"href":"https:\/\/www.ucse.edu.ar\/notiucse\/wp-json\/wp\/v2\/users\/1"}],"replies":[{"embeddable":true,"href":"https:\/\/www.ucse.edu.ar\/notiucse\/wp-json\/wp\/v2\/comments?post=7901"}],"version-history":[{"count":1,"href":"https:\/\/www.ucse.edu.ar\/notiucse\/wp-json\/wp\/v2\/posts\/7901\/revisions"}],"predecessor-version":[{"id":7904,"href":"https:\/\/www.ucse.edu.ar\/notiucse\/wp-json\/wp\/v2\/posts\/7901\/revisions\/7904"}],"wp:featuredmedia":[{"embeddable":true,"href":"https:\/\/www.ucse.edu.ar\/notiucse\/wp-json\/wp\/v2\/media\/7903"}],"wp:attachment":[{"href":"https:\/\/www.ucse.edu.ar\/notiucse\/wp-json\/wp\/v2\/media?parent=7901"}],"wp:term":[{"taxonomy":"category","embeddable":true,"href":"https:\/\/www.ucse.edu.ar\/notiucse\/wp-json\/wp\/v2\/categories?post=7901"},{"taxonomy":"post_tag","embeddable":true,"href":"https:\/\/www.ucse.edu.ar\/notiucse\/wp-json\/wp\/v2\/tags?post=7901"}],"curies":[{"name":"wp","href":"https:\/\/api.w.org\/{rel}","templated":true}]}}