{"id":793,"date":"2014-08-11T13:58:45","date_gmt":"2014-08-11T13:58:45","guid":{"rendered":"http:\/\/www.ucse.edu.ar\/notiucse\/?p=793"},"modified":"2014-08-11T13:58:45","modified_gmt":"2014-08-11T13:58:45","slug":"conferencia-la-economia-politica-argentina-y-mundial-frente-a-la-crisis-en-la-sede-jujuy","status":"publish","type":"post","link":"https:\/\/www.ucse.edu.ar\/notiucse\/2014\/08\/11\/conferencia-la-economia-politica-argentina-y-mundial-frente-a-la-crisis-en-la-sede-jujuy\/","title":{"rendered":"Conferencia  &#8220;La econom\u00eda pol\u00edtica argentina y mundial frente a la crisis&#8221; en la Sede Jujuy"},"content":{"rendered":"<p>El viernes 08 de agosto\u00a0se realiz\u00f3 en la Sede Jujuy una nueva conferencia del Ciclo Reflexi\u00f3n y debate sobre el posicionamiento estrat\u00e9gico de Jujuy:<strong> &#8220;La econom\u00eda pol\u00edtica argentina y mundial frente a la crisis&#8221;<\/strong>, actividad organizada por COBINABE (Comisi\u00f3n Binacional para el Desarollo de la Alta Cuenca del R\u00edo Bermejo y el R\u00edo Grande de Tarija) y la Secretar\u00eda de Integraci\u00f3n Regional y Relaciones Internacionales.<\/p>\n<p>Se cont\u00f3 con la presencia del <em>Dr. Mario Daniel Rapoport<\/em>, Presidente de la Asociaci\u00f3n Argentina de Historia de las Relaciones Internacionales; Ex vicepresidente de la Commission of History of International Relations del Comit\u00e9 Mundial de Ciencias Hist\u00f3ricas; Miembro fundador del Grupo F\u00e9nix, quien adem\u00e1s present\u00f3 su libro \u201cEl ojo de la Tormenta\u201d. Mario Rapoport es Licenciado en Econom\u00eda Pol\u00edtica (Universidad de Buenos Aires). Doctor en Historia (Universidad de Paris I-Panthe\u00f3n-Sorbonne, EHESS). Doctor Honoris Causa de la Universidad Nacional de San Juan.<\/p>\n<p><a href=\"http:\/\/www.ucse.edu.ar\/notiucse\/wp-content\/uploads\/2014\/08\/collage.jpg\"><img fetchpriority=\"high\" decoding=\"async\" class=\"aligncenter size-full wp-image-794\" src=\"http:\/\/www.ucse.edu.ar\/notiucse\/wp-content\/uploads\/2014\/08\/collage.jpg\" alt=\"collage\" width=\"1200\" height=\"1200\" srcset=\"https:\/\/www.ucse.edu.ar\/notiucse\/wp-content\/uploads\/2014\/08\/collage.jpg 1200w, https:\/\/www.ucse.edu.ar\/notiucse\/wp-content\/uploads\/2014\/08\/collage-150x150.jpg 150w, https:\/\/www.ucse.edu.ar\/notiucse\/wp-content\/uploads\/2014\/08\/collage-300x300.jpg 300w, https:\/\/www.ucse.edu.ar\/notiucse\/wp-content\/uploads\/2014\/08\/collage-1024x1024.jpg 1024w, https:\/\/www.ucse.edu.ar\/notiucse\/wp-content\/uploads\/2014\/08\/collage-50x50.jpg 50w\" sizes=\"(max-width: 1200px) 100vw, 1200px\" \/><\/a><\/p>\n<p>&nbsp;<\/p>\n","protected":false},"excerpt":{"rendered":"<p>El viernes 08 de agosto\u00a0se realiz\u00f3 en la Sede Jujuy una nueva conferencia del Ciclo Reflexi\u00f3n y debate sobre el posicionamiento estrat\u00e9gico de Jujuy: &#8220;La econom\u00eda pol\u00edtica argentina y mundial frente a la crisis&#8221;, actividad organizada por COBINABE (Comisi\u00f3n Binacional para el Desarollo de la Alta Cuenca del R\u00edo Bermejo y el R\u00edo Grande de [&hellip;]<\/p>\n","protected":false},"author":1,"featured_media":795,"comment_status":"closed","ping_status":"closed","sticky":false,"template":"","format":"standard","meta":{"_exactmetrics_skip_tracking":false,"_exactmetrics_sitenote_active":false,"_exactmetrics_sitenote_note":"","_exactmetrics_sitenote_category":0,"footnotes":""},"categories":[19],"tags":[51,30],"_links":{"self":[{"href":"https:\/\/www.ucse.edu.ar\/notiucse\/wp-json\/wp\/v2\/posts\/793"}],"collection":[{"href":"https:\/\/www.ucse.edu.ar\/notiucse\/wp-json\/wp\/v2\/posts"}],"about":[{"href":"https:\/\/www.ucse.edu.ar\/notiucse\/wp-json\/wp\/v2\/types\/post"}],"author":[{"embeddable":true,"href":"https:\/\/www.ucse.edu.ar\/notiucse\/wp-json\/wp\/v2\/users\/1"}],"replies":[{"embeddable":true,"href":"https:\/\/www.ucse.edu.ar\/notiucse\/wp-json\/wp\/v2\/comments?post=793"}],"version-history":[{"count":1,"href":"https:\/\/www.ucse.edu.ar\/notiucse\/wp-json\/wp\/v2\/posts\/793\/revisions"}],"predecessor-version":[{"id":796,"href":"https:\/\/www.ucse.edu.ar\/notiucse\/wp-json\/wp\/v2\/posts\/793\/revisions\/796"}],"wp:featuredmedia":[{"embeddable":true,"href":"https:\/\/www.ucse.edu.ar\/notiucse\/wp-json\/wp\/v2\/media\/795"}],"wp:attachment":[{"href":"https:\/\/www.ucse.edu.ar\/notiucse\/wp-json\/wp\/v2\/media?parent=793"}],"wp:term":[{"taxonomy":"category","embeddable":true,"href":"https:\/\/www.ucse.edu.ar\/notiucse\/wp-json\/wp\/v2\/categories?post=793"},{"taxonomy":"post_tag","embeddable":true,"href":"https:\/\/www.ucse.edu.ar\/notiucse\/wp-json\/wp\/v2\/tags?post=793"}],"curies":[{"name":"wp","href":"https:\/\/api.w.org\/{rel}","templated":true}]}}