{"id":799,"date":"2014-08-20T13:02:29","date_gmt":"2014-08-20T13:02:29","guid":{"rendered":"http:\/\/www.ucse.edu.ar\/notiucse\/?p=799"},"modified":"2014-08-25T13:29:34","modified_gmt":"2014-08-25T13:29:34","slug":"6tas-jornadas-de-comunicacion-y-diseno-en-la-sede-jujuy","status":"publish","type":"post","link":"https:\/\/www.ucse.edu.ar\/notiucse\/2014\/08\/20\/6tas-jornadas-de-comunicacion-y-diseno-en-la-sede-jujuy\/","title":{"rendered":"6tas Jornadas de Comunicaci\u00f3n y Dise\u00f1o en la Sede Jujuy"},"content":{"rendered":"<p>Los d\u00edas 14 y 15 de agosto, se realizaron las 6tas Jornadas de Comunicaci\u00f3n y Dise\u00f1o, organizadas por la Universidad Cat\u00f3lica de Santiago del Estero.<\/p>\n<p>Con una amplia convocatoria, se desarrollaron ponencias, talleres, conferencias y muestras, en nuestra Sede y en el Centro de Arte Joven Andino.<\/p>\n<p>Se cont\u00f3 con la presencia de reconocidos disertantes, como ser el Lic. Ricardo Cohen \u2013 ROCAMBOLE de la Plata; y el Mgter. Jos\u00e9 Luis Aguirre de La Paz, Bolivia, que brindaron sus conocimientos y experiencias a todos los asistentes.<\/p>\n<p>Tambi\u00e9n se desarrollaron conferencias con tem\u00e1ticas sobre dise\u00f1o, comunicaci\u00f3n visual, comunicaci\u00f3n organizacional, fotograf\u00eda, dise\u00f1o corporativo, experiencias de AFSCA y de la Revista Circo Crom\u00e1tico, comunicaci\u00f3n inclusiva, entre otros.<\/p>\n<p><a href=\"http:\/\/www.ucse.edu.ar\/notiucse\/wp-content\/uploads\/2014\/08\/21.jpg\"><img fetchpriority=\"high\" decoding=\"async\" class=\"aligncenter size-full wp-image-803\" src=\"http:\/\/www.ucse.edu.ar\/notiucse\/wp-content\/uploads\/2014\/08\/21.jpg\" alt=\"2\" width=\"960\" height=\"640\" srcset=\"https:\/\/www.ucse.edu.ar\/notiucse\/wp-content\/uploads\/2014\/08\/21.jpg 960w, https:\/\/www.ucse.edu.ar\/notiucse\/wp-content\/uploads\/2014\/08\/21-300x200.jpg 300w\" sizes=\"(max-width: 960px) 100vw, 960px\" \/><\/a> <a href=\"http:\/\/www.ucse.edu.ar\/notiucse\/wp-content\/uploads\/2014\/08\/3.jpg\"><img decoding=\"async\" class=\"aligncenter size-full wp-image-804\" src=\"http:\/\/www.ucse.edu.ar\/notiucse\/wp-content\/uploads\/2014\/08\/3.jpg\" alt=\"3\" width=\"960\" height=\"640\" srcset=\"https:\/\/www.ucse.edu.ar\/notiucse\/wp-content\/uploads\/2014\/08\/3.jpg 960w, https:\/\/www.ucse.edu.ar\/notiucse\/wp-content\/uploads\/2014\/08\/3-300x200.jpg 300w\" sizes=\"(max-width: 960px) 100vw, 960px\" \/><\/a> <a href=\"http:\/\/www.ucse.edu.ar\/notiucse\/wp-content\/uploads\/2014\/08\/41.jpg\"><img decoding=\"async\" class=\"aligncenter size-full wp-image-805\" src=\"http:\/\/www.ucse.edu.ar\/notiucse\/wp-content\/uploads\/2014\/08\/41.jpg\" alt=\"4\" width=\"720\" height=\"540\" srcset=\"https:\/\/www.ucse.edu.ar\/notiucse\/wp-content\/uploads\/2014\/08\/41.jpg 720w, https:\/\/www.ucse.edu.ar\/notiucse\/wp-content\/uploads\/2014\/08\/41-300x225.jpg 300w\" sizes=\"(max-width: 720px) 100vw, 720px\" \/><\/a> <a href=\"http:\/\/www.ucse.edu.ar\/notiucse\/wp-content\/uploads\/2014\/08\/5.jpg\"><img loading=\"lazy\" decoding=\"async\" class=\"aligncenter size-full wp-image-806\" src=\"http:\/\/www.ucse.edu.ar\/notiucse\/wp-content\/uploads\/2014\/08\/5.jpg\" alt=\"5\" width=\"4000\" height=\"3000\" srcset=\"https:\/\/www.ucse.edu.ar\/notiucse\/wp-content\/uploads\/2014\/08\/5.jpg 4000w, https:\/\/www.ucse.edu.ar\/notiucse\/wp-content\/uploads\/2014\/08\/5-300x225.jpg 300w, https:\/\/www.ucse.edu.ar\/notiucse\/wp-content\/uploads\/2014\/08\/5-1024x768.jpg 1024w\" sizes=\"(max-width: 4000px) 100vw, 4000px\" \/><\/a> <a href=\"http:\/\/www.ucse.edu.ar\/notiucse\/wp-content\/uploads\/2014\/08\/111.jpg\"><img loading=\"lazy\" decoding=\"async\" class=\"aligncenter size-full wp-image-807\" src=\"http:\/\/www.ucse.edu.ar\/notiucse\/wp-content\/uploads\/2014\/08\/111.jpg\" alt=\"11\" width=\"720\" height=\"480\" srcset=\"https:\/\/www.ucse.edu.ar\/notiucse\/wp-content\/uploads\/2014\/08\/111.jpg 720w, https:\/\/www.ucse.edu.ar\/notiucse\/wp-content\/uploads\/2014\/08\/111-300x200.jpg 300w\" sizes=\"(max-width: 720px) 100vw, 720px\" \/><\/a><\/p>\n","protected":false},"excerpt":{"rendered":"<p>Los d\u00edas 14 y 15 de agosto, se realizaron las 6tas Jornadas de Comunicaci\u00f3n y Dise\u00f1o, organizadas por la Universidad Cat\u00f3lica de Santiago del Estero. Con una amplia convocatoria, se desarrollaron ponencias, talleres, conferencias y muestras, en nuestra Sede y en el Centro de Arte Joven Andino. Se cont\u00f3 con la presencia de reconocidos disertantes, [&hellip;]<\/p>\n","protected":false},"author":1,"featured_media":802,"comment_status":"closed","ping_status":"closed","sticky":false,"template":"","format":"standard","meta":{"_exactmetrics_skip_tracking":false,"_exactmetrics_sitenote_active":false,"_exactmetrics_sitenote_note":"","_exactmetrics_sitenote_category":0,"footnotes":""},"categories":[19],"tags":[52,65,30,39],"_links":{"self":[{"href":"https:\/\/www.ucse.edu.ar\/notiucse\/wp-json\/wp\/v2\/posts\/799"}],"collection":[{"href":"https:\/\/www.ucse.edu.ar\/notiucse\/wp-json\/wp\/v2\/posts"}],"about":[{"href":"https:\/\/www.ucse.edu.ar\/notiucse\/wp-json\/wp\/v2\/types\/post"}],"author":[{"embeddable":true,"href":"https:\/\/www.ucse.edu.ar\/notiucse\/wp-json\/wp\/v2\/users\/1"}],"replies":[{"embeddable":true,"href":"https:\/\/www.ucse.edu.ar\/notiucse\/wp-json\/wp\/v2\/comments?post=799"}],"version-history":[{"count":1,"href":"https:\/\/www.ucse.edu.ar\/notiucse\/wp-json\/wp\/v2\/posts\/799\/revisions"}],"predecessor-version":[{"id":808,"href":"https:\/\/www.ucse.edu.ar\/notiucse\/wp-json\/wp\/v2\/posts\/799\/revisions\/808"}],"wp:featuredmedia":[{"embeddable":true,"href":"https:\/\/www.ucse.edu.ar\/notiucse\/wp-json\/wp\/v2\/media\/802"}],"wp:attachment":[{"href":"https:\/\/www.ucse.edu.ar\/notiucse\/wp-json\/wp\/v2\/media?parent=799"}],"wp:term":[{"taxonomy":"category","embeddable":true,"href":"https:\/\/www.ucse.edu.ar\/notiucse\/wp-json\/wp\/v2\/categories?post=799"},{"taxonomy":"post_tag","embeddable":true,"href":"https:\/\/www.ucse.edu.ar\/notiucse\/wp-json\/wp\/v2\/tags?post=799"}],"curies":[{"name":"wp","href":"https:\/\/api.w.org\/{rel}","templated":true}]}}