{"id":8038,"date":"2023-04-19T18:41:09","date_gmt":"2023-04-19T21:41:09","guid":{"rendered":"http:\/\/www.ucse.edu.ar\/notiucse\/?p=8038"},"modified":"2023-04-19T18:41:09","modified_gmt":"2023-04-19T21:41:09","slug":"ii-jornada-regional-del-arsenico","status":"publish","type":"post","link":"https:\/\/www.ucse.edu.ar\/notiucse\/2023\/04\/19\/ii-jornada-regional-del-arsenico\/","title":{"rendered":"II JORNADA REGIONAL DEL ARS\u00c9NICO"},"content":{"rendered":"<p style=\"text-align: justify;\"><a href=\"http:\/\/www.ucse.edu.ar\/notiucse\/wp-content\/uploads\/2023\/04\/2-.jpg\"><img fetchpriority=\"high\" decoding=\"async\" class=\"alignnone size-full wp-image-8063\" src=\"http:\/\/www.ucse.edu.ar\/notiucse\/wp-content\/uploads\/2023\/04\/2-.jpg\" alt=\"2\" width=\"1001\" height=\"667\" srcset=\"https:\/\/www.ucse.edu.ar\/notiucse\/wp-content\/uploads\/2023\/04\/2-.jpg 1001w, https:\/\/www.ucse.edu.ar\/notiucse\/wp-content\/uploads\/2023\/04\/2--300x200.jpg 300w\" sizes=\"(max-width: 1001px) 100vw, 1001px\" \/><\/a><\/p>\n<p style=\"text-align: justify;\">La Universidad Santiago del Estero\u00a0se hizo presente en el evento que se realiz\u00f3 en el Centro de Convenciones F\u00f3rum, el pasado viernes 31 de marzo, organizado por la Mesa Interinstitucional del Ars\u00e9nico (MIA) de Santiago del Estero, de la que forma parte.<\/p>\n<p style=\"text-align: justify;\">La Jornada cont\u00f3 con la presencia de autoridades de las instituciones que la conforman, y tuvo el lema &#8220;Avances, desaf\u00edos, experiencias en el abordaje de la problem\u00e1tica del ars\u00e9nico&#8221;. Por parte de la Universidad Cat\u00f3lica de Santiago del Estero, estuvo presente el Rector, Ing. Luis Eugenio Lucena, as\u00ed como tambi\u00e9n Decanas de las diferentes Unidades Acad\u00e9micas que la conforman.<\/p>\n<p style=\"text-align: justify;\">Se realizaron diversos talleres simult\u00e1neos, as\u00ed como conferencias y simposios. La Decana de la Facultad de Ciencias de la Salud, Lic. Mar\u00eda Rosa Barbar\u00e1n, particip\u00f3 de la ponencia: \u201cAgua con ars\u00e9nico: una realidad que nos involucra. Educaci\u00f3n y Comunidad\u201d.<\/p>\n","protected":false},"excerpt":{"rendered":"<p>La Universidad Santiago del Estero\u00a0se hizo presente en el evento que se realiz\u00f3 en el Centro de Convenciones F\u00f3rum, el pasado viernes 31 de marzo, organizado por la Mesa Interinstitucional del Ars\u00e9nico (MIA) de Santiago del Estero, de la que forma parte. La Jornada cont\u00f3 con la presencia de autoridades de las instituciones que la [&hellip;]<\/p>\n","protected":false},"author":1,"featured_media":8039,"comment_status":"closed","ping_status":"closed","sticky":false,"template":"","format":"standard","meta":{"_exactmetrics_skip_tracking":false,"_exactmetrics_sitenote_active":false,"_exactmetrics_sitenote_note":"","_exactmetrics_sitenote_category":0,"footnotes":""},"categories":[9,73,72],"tags":[],"_links":{"self":[{"href":"https:\/\/www.ucse.edu.ar\/notiucse\/wp-json\/wp\/v2\/posts\/8038"}],"collection":[{"href":"https:\/\/www.ucse.edu.ar\/notiucse\/wp-json\/wp\/v2\/posts"}],"about":[{"href":"https:\/\/www.ucse.edu.ar\/notiucse\/wp-json\/wp\/v2\/types\/post"}],"author":[{"embeddable":true,"href":"https:\/\/www.ucse.edu.ar\/notiucse\/wp-json\/wp\/v2\/users\/1"}],"replies":[{"embeddable":true,"href":"https:\/\/www.ucse.edu.ar\/notiucse\/wp-json\/wp\/v2\/comments?post=8038"}],"version-history":[{"count":3,"href":"https:\/\/www.ucse.edu.ar\/notiucse\/wp-json\/wp\/v2\/posts\/8038\/revisions"}],"predecessor-version":[{"id":8071,"href":"https:\/\/www.ucse.edu.ar\/notiucse\/wp-json\/wp\/v2\/posts\/8038\/revisions\/8071"}],"wp:featuredmedia":[{"embeddable":true,"href":"https:\/\/www.ucse.edu.ar\/notiucse\/wp-json\/wp\/v2\/media\/8039"}],"wp:attachment":[{"href":"https:\/\/www.ucse.edu.ar\/notiucse\/wp-json\/wp\/v2\/media?parent=8038"}],"wp:term":[{"taxonomy":"category","embeddable":true,"href":"https:\/\/www.ucse.edu.ar\/notiucse\/wp-json\/wp\/v2\/categories?post=8038"},{"taxonomy":"post_tag","embeddable":true,"href":"https:\/\/www.ucse.edu.ar\/notiucse\/wp-json\/wp\/v2\/tags?post=8038"}],"curies":[{"name":"wp","href":"https:\/\/api.w.org\/{rel}","templated":true}]}}