{"id":8290,"date":"2023-06-09T11:25:41","date_gmt":"2023-06-09T14:25:41","guid":{"rendered":"http:\/\/www.ucse.edu.ar\/notiucse\/?p=8290"},"modified":"2023-06-09T11:43:09","modified_gmt":"2023-06-09T14:43:09","slug":"los-festejos-por-el-dia-del-periodista-cambiaron-la-manana-en-la-ucse","status":"publish","type":"post","link":"https:\/\/www.ucse.edu.ar\/notiucse\/2023\/06\/09\/los-festejos-por-el-dia-del-periodista-cambiaron-la-manana-en-la-ucse\/","title":{"rendered":"Los festejos por el D\u00eda del Periodista cambiaron la ma\u00f1ana en la UCSE"},"content":{"rendered":"<p style=\"text-align: justify;\"><div id=\"wondergridgallerylightbox_options\" data-skinsfoldername=\"skins\/default\/\"  data-jsfolder=\"https:\/\/www.ucse.edu.ar\/notiucse\/wp-content\/plugins\/wonderplugin-gridgallery\/engine\/\" style=\"display:none;\"><\/div>\r\n<style type=\"text\/css\">@import url(https:\/\/fonts.googleapis.com\/css?family=Open+Sans);  #wonderplugingridgallery-59 .wonderplugin-gridgallery-item-text {     background-color: rgba(51, 51, 51, 0.5);     color: #fff;     text-align: center;     font: 14px \"open sans\", Arial, Helvetica, sans-serif;     padding: 8px 0px;     position: absolute;     left: 0px;     bottom: 0px;     width: 100%;     box-sizing: border-box;     -webkit-box-sizing: border-box;     -moz-box-sizing: border-box; }  #wonderplugingridgallery-59 .wonderplugin-gridgallery-item-title {     font-size: 14px; }  #wonderplugingridgallery-59 .wonderplugin-gridgallery-item-description {     font-size: 12px; }  #wonderplugingridgallery-59 .wonderplugin-gridgallery-item-button { }  #wonderplugingridgallery-59 .wonderplugin-gridgallery-item-caption {     font: 14px \"open sans\", Arial, Helvetica, sans-serif;     text-align: center;    color: #333; }  #wonderplugingridgallery-59 .wonderplugin-gridgallery-item-caption-title {     font-size: 14px; }  #wonderplugingridgallery-59 .wonderplugin-gridgallery-item-caption-description {     font-size: 12px; }  .wpgridgallery-socialmedia-button { \tdisplay: inline-block; \tmargin: 4px; }  .wpgridgallery-socialmedia-button a { \tbox-shadow: none; }  .wpgridgallery-socialmedia-icon { \tdisplay:table-cell; \twidth:32px; \theight:32px; \tfont-size:18px; \tborder-radius:50%; \tcolor:#fff; \tvertical-align:middle; \ttext-align:center; \tcursor:pointer; \tpadding:0; }  .wpgridgallery-socialmedia-rotate { \ttransition: transform .4s ease-in;  }   .wpgridgallery-socialmedia-rotate:hover {  \ttransform: rotate(360deg);  }<\/style><style type=\"text\/css\">#wonderplugingridgallery-59 .wpp-category-greybutton .wonderplugin-gridgallery-tag { \tborder: none; \tbackground: #666; \tcolor: #fff;   \tpadding: 6px 12px; \tfont-size: 12px; \tfont-weight: normal; \t   \tfont-family: \"Lucida Sans Unicode\",\"Lucida Grande\",sans-serif,Arial;   \tbox-sizing: border-box;    \tcursor: pointer;   \ttext-align: center;   \ttext-decoration: none;   \ttext-shadow: none;   \ttext-transform: none;   \twhite-space: nowrap;   \t-webkit-font-smoothing: antialiased;   \tborder-radius: 2px;   \ttransition: background-color 0.3s ease; }  #wonderplugingridgallery-59 .wpp-category-greybutton .wonderplugin-gridgallery-tag:hover, #wonderplugingridgallery-59 .wpp-category-greybutton .wonderplugin-gridgallery-tag:focus { \tborder: none; \tbackground: #999; \tcolor: #fff; }  #wonderplugingridgallery-59 .wpp-category-greybutton .wonderplugin-gridgallery-tag-selected, #wonderplugingridgallery-59 .wpp-category-greybutton .wonderplugin-gridgallery-tag-selected:hover, #wonderplugingridgallery-59 .wpp-category-greybutton .wonderplugin-gridgallery-tag-selected:focus { \tborder: none; \tbackground: #f3b200; \tcolor: #fff; }<\/style><div class=\"wonderplugingridgallery\" id=\"wonderplugingridgallery-59\" data-gridgalleryid=\"59\" data-width=\"200\" data-height=\"150\" data-skin=\"highlight\" data-style=\"classic\" data-categorylist=\"[{&quot;slug&quot;:&quot;all&quot;,&quot;caption&quot;:&quot;Show All&quot;}]\" data-fullwidth=\"false\" data-supportshortcode=\"false\" data-donotzoomin=\"false\" data-enabletabindex=\"false\" data-masonrymode=\"false\" data-random=\"false\" data-shownavigation=\"true\" data-shownavcontrol=\"true\" data-hidenavdefault=\"false\" data-nohoverontouchscreen=\"false\" data-hoverzoomin=\"true\" data-hoverzoominimageonly=\"true\" data-hoverzoominimagecenter=\"false\" data-hoverfade=\"true\" data-responsive=\"true\" data-mediumscreen=\"true\" data-smallscreen=\"true\" data-showtitle=\"true\" data-showtexttitle=\"true\" data-showtextdescription=\"false\" data-showtextbutton=\"false\" data-overlaylink=\"false\" data-donotaddtext=\"false\" data-lightboxnogroup=\"false\" data-lightboxcategorygroup=\"false\" data-usetemplatefortextoverlay=\"true\" data-usetemplateforgrid=\"false\" data-deferloading=\"false\" data-lightboxshowallcategories=\"false\" data-lightboxshowtitle=\"true\" data-lightboxshowdescription=\"false\" data-lightboxaddsocialmedia=\"false\" data-lightboxresponsive=\"true\" data-centerimage=\"true\" data-circularimage=\"false\" data-firstimage=\"false\" data-textinsidespace=\"false\" data-donotinit=\"false\" data-addinitscript=\"false\" data-lightboxshowsocial=\"false\" data-lightboxshowemail=\"false\" data-lightboxshowfacebook=\"true\" data-lightboxshowtwitter=\"true\" data-lightboxshowpinterest=\"true\" data-lightboxsocialrotateeffect=\"true\" data-lightboxenablehtml5poster=\"false\" data-categoryshow=\"false\" data-categoryhideall=\"false\" data-categorymulticat=\"false\" data-categoryatleastone=\"false\" data-addvideoplaybutton=\"true\" data-lightboxfullscreenmode=\"false\" data-lightboxcloseonoverlay=\"true\" data-lightboxvideohidecontrols=\"false\" data-lightboxfullscreenmodeonsmallscreen=\"false\" data-lightboxfullscreentextinside=\"false\" data-triggerresizeafterinit=\"false\" data-lightboxresponsivebarheight=\"false\" data-lightboxnotkeepratioonsmallheight=\"false\" data-lazyloadimages=\"true\" data-triggerresize=\"false\" data-loadallremaining=\"false\" data-lightboxautoslide=\"false\" data-lightboxshowtimer=\"true\" data-lightboxshowplaybutton=\"true\" data-lightboxalwaysshownavarrows=\"false\" data-lightboxshowtitleprefix=\"true\" data-thumbwidth=\"90\" data-thumbheight=\"60\" data-thumbtopmargin=\"12\" data-thumbbottommargin=\"4\" data-barheight=\"64\" data-titlebottomcss=\"color:#333; font-size:14px; font-family:Armata,sans-serif,Arial; overflow:hidden; text-align:left;\" data-descriptionbottomcss=\"color:#333; font-size:12px; font-family:Arial,Helvetica,sans-serif; overflow:hidden; text-align:left; margin:4px 0px 0px; padding: 0px;\" data-googleanalyticsaccount=\"\" data-gap=\"4\" data-margin=\"0\" data-borderradius=\"0\" data-hoverzoominvalue=\"24\" data-hoverzoominduration=\"180\" data-hoverzoominimagescale=\"1.1\" data-hoverzoominimageduration=\"360\" data-hoverfadeopacity=\"0.8\" data-hoverfadeduration=\"300\" data-videoplaybutton=\"playvideo-64-64-0.png\" data-column=\"3\" data-mediumcolumn=\"2\" data-mediumscreensize=\"800\" data-smallcolumn=\"1\" data-smallscreensize=\"600\" data-titlemode=\"mouseover\" data-titleeffect=\"slide\" data-titleeffectduration=\"300\" data-titleheight=\"0\" data-scalemode=\"fill\" data-lightboxbgcolor=\"#fff\" data-lightboxoverlaybgcolor=\"#000\" data-lightboxoverlayopacity=\"0.9\" data-navbgcolor=\"rgba(0,0,0,0.2)\" data-deferloadingdelay=\"0\" data-categoryposition=\"topleft\" data-categorystyle=\"wpp-category-greybutton\" data-categorydefault=\"all\" data-verticalcategorysmallscreenwidth=\"480\" data-triggerresizedelay=\"500\" data-triggerresizeafterinitdelay=\"500\" data-lightboxfullscreensmallscreenwidth=\"800\" data-lightboxbordertopmargin=\"48\" data-lightboxbordertopmarginsmall=\"36\" data-lightboxresizespeed=\"400\" data-lightboxfadespeed=\"0\" data-lightboxtransition=\"none\" data-lightboxtransitionduration=\"400\" data-lightboxsocialposition=\"position:absolute;top:100%;right:0;\" data-lightboxsocialpositionsmallscreen=\"position:absolute;top:100%;right:0;left:0;\" data-lightboxsocialdirection=\"horizontal\" data-lightboxsocialbuttonsize=\"32\" data-lightboxsocialbuttonfontsize=\"18\" data-lightboxtitlestyle=\"bottom\" data-lightboximagepercentage=\"75\" data-lightboxdefaultvideovolume=\"1\" data-lightboxtitleprefix=\"%NUM \/ %TOTAL\" data-lightboxtitleinsidecss=\"color:#fff; font-size:16px; font-family:Arial,Helvetica,sans-serif; overflow:hidden; text-align:left;\" data-lightboxdescriptioninsidecss=\"color:#fff; font-size:12px; font-family:Arial,Helvetica,sans-serif; overflow:hidden; text-align:left; margin:4px 0px 0px; padding: 0px;\" data-lightboxfullscreentitlebottomcss=\"color:#fff; font-size:16px; font-family:Arial,Helvetica,sans-serif; overflow:hidden; text-align:left; margin:4px 8px 8px;\" data-lightboxfullscreendescriptionbottomcss=\"color:#fff; font-size:12px; font-family:Arial,Helvetica,sans-serif; overflow:hidden; text-align:left; margin:4px 0px 0px; padding: 0px;\" data-lightboxsmallscreenheight=\"415\" data-lightboxbarheightonsmallheight=\"64\" data-lazyloadmode=\"none\" data-itemsperpage=\"12\" data-loadmorecaption=\"Load More\" data-loadmorecssstyle=\"wpp-loadmore-greybutton\" data-paginationcssstyle=\"wpp-pagination-greybutton\" data-paginationpos=\"bottom\" data-lightboxslideinterval=\"5000\" data-lightboxtimerposition=\"bottom\" data-lightboxtimercolor=\"#dc572e\" data-lightboxtimeropacity=\"1\" data-lightboxbordersize=\"8\" data-lightboxborderradius=\"0\" data-categoryregulardropdown=\"false\" data-jsfolder=\"https:\/\/www.ucse.edu.ar\/notiucse\/wp-content\/plugins\/wonderplugin-gridgallery\/engine\/\" data-skinsfoldername=\"skins\/default\/\" style=\"display:none;position:relative;margin:0 auto;width:100%;max-width:608px;\" ><div class=\"wonderplugin-gridgallery-list\" style=\"display:block;position:relative;max-width:100%;margin:0 auto;\"><div class=\"wonderplugin-gridgallery-item\" data-row=\"2\" data-col=\"2\"><div class=\"wonderplugin-gridgallery-item-container\"><a class=\"wpgridlightbox wpgridlightbox-59\" data-thumbnail=\"http:\/\/www.ucse.edu.ar\/notiucse\/wp-content\/uploads\/2023\/06\/WhatsApp-Image-2023-06-09-at-11.09.03-300x211.jpeg\" data-wpggroup=\"wpgridgallery-59\" href=\"http:\/\/www.ucse.edu.ar\/notiucse\/wp-content\/uploads\/2023\/06\/WhatsApp-Image-2023-06-09-at-11.09.03.jpeg\" data-title=\"Los festejos por el D\u00eda del Periodista cambiaron la ma\u00f1ana en la UCSE\"><img decoding=\"async\" class=\"wonderplugin-gridgallery-item-img\" alt=\"Los festejos por el D\u00eda del Periodista cambiaron la ma\u00f1ana en la UCSE\" src=\"http:\/\/www.ucse.edu.ar\/notiucse\/wp-content\/uploads\/2023\/06\/WhatsApp-Image-2023-06-09-at-11.09.03-300x211.jpeg\" \/><\/a><\/div><div class=\"wonderplugin-gridgallery-item-text\"><div class=\"wonderplugin-gridgallery-item-wrapper\"><div class=\"wonderplugin-gridgallery-item-socialmedia\"><\/div>\n<div class=\"wonderplugin-gridgallery-item-title\">Los festejos por el D\u00eda del Periodista cambiaron la ma\u00f1ana en la UCSE<\/div>\n<div class=\"wonderplugin-gridgallery-item-description\"><\/div>\n<div class=\"wonderplugin-gridgallery-item-button\"><\/div><\/div><\/div><\/div><div class=\"wonderplugin-gridgallery-item\" data-row=\"1\" data-col=\"1\"><div class=\"wonderplugin-gridgallery-item-container\"><a class=\"wpgridlightbox wpgridlightbox-59\" data-thumbnail=\"http:\/\/www.ucse.edu.ar\/notiucse\/wp-content\/uploads\/2023\/06\/WhatsApp-Image-2023-06-09-at-11.09.02-1-300x169.jpeg\" data-wpggroup=\"wpgridgallery-59\" href=\"http:\/\/www.ucse.edu.ar\/notiucse\/wp-content\/uploads\/2023\/06\/WhatsApp-Image-2023-06-09-at-11.09.02-1.jpeg\" data-title=\"Los festejos por el D\u00eda del Periodista cambiaron la ma\u00f1ana en la UCSE\"><img decoding=\"async\" class=\"wonderplugin-gridgallery-item-img\" alt=\"Los festejos por el D\u00eda del Periodista cambiaron la ma\u00f1ana en la UCSE\" src=\"http:\/\/www.ucse.edu.ar\/notiucse\/wp-content\/uploads\/2023\/06\/WhatsApp-Image-2023-06-09-at-11.09.02-1-300x169.jpeg\" \/><\/a><\/div><div class=\"wonderplugin-gridgallery-item-text\"><div class=\"wonderplugin-gridgallery-item-wrapper\"><div class=\"wonderplugin-gridgallery-item-socialmedia\"><\/div>\n<div class=\"wonderplugin-gridgallery-item-title\">Los festejos por el D\u00eda del Periodista cambiaron la ma\u00f1ana en la UCSE<\/div>\n<div class=\"wonderplugin-gridgallery-item-description\"><\/div>\n<div class=\"wonderplugin-gridgallery-item-button\"><\/div><\/div><\/div><\/div><div class=\"wonderplugin-gridgallery-item\" data-row=\"1\" data-col=\"1\"><div class=\"wonderplugin-gridgallery-item-container\"><a class=\"wpgridlightbox wpgridlightbox-59\" data-thumbnail=\"http:\/\/www.ucse.edu.ar\/notiucse\/wp-content\/uploads\/2023\/06\/WhatsApp-Image-2023-06-09-at-11.09.02-300x169.jpeg\" data-wpggroup=\"wpgridgallery-59\" href=\"http:\/\/www.ucse.edu.ar\/notiucse\/wp-content\/uploads\/2023\/06\/WhatsApp-Image-2023-06-09-at-11.09.02.jpeg\" data-title=\"Los festejos por el D\u00eda del Periodista cambiaron la ma\u00f1ana en la UCSE\"><img decoding=\"async\" class=\"wonderplugin-gridgallery-item-img\" alt=\"Los festejos por el D\u00eda del Periodista cambiaron la ma\u00f1ana en la UCSE\" src=\"http:\/\/www.ucse.edu.ar\/notiucse\/wp-content\/uploads\/2023\/06\/WhatsApp-Image-2023-06-09-at-11.09.02-300x169.jpeg\" \/><\/a><\/div><div class=\"wonderplugin-gridgallery-item-text\"><div class=\"wonderplugin-gridgallery-item-wrapper\"><div class=\"wonderplugin-gridgallery-item-socialmedia\"><\/div>\n<div class=\"wonderplugin-gridgallery-item-title\">Los festejos por el D\u00eda del Periodista cambiaron la ma\u00f1ana en la UCSE<\/div>\n<div class=\"wonderplugin-gridgallery-item-description\"><\/div>\n<div class=\"wonderplugin-gridgallery-item-button\"><\/div><\/div><\/div><\/div><div class=\"wonderplugin-gridgallery-item\" data-row=\"1\" data-col=\"1\"><div class=\"wonderplugin-gridgallery-item-container\"><a class=\"wpgridlightbox wpgridlightbox-59\" data-thumbnail=\"http:\/\/www.ucse.edu.ar\/notiucse\/wp-content\/uploads\/2023\/06\/WhatsApp-Image-2023-06-09-at-11.09.03-1-300x169.jpeg\" data-wpggroup=\"wpgridgallery-59\" href=\"http:\/\/www.ucse.edu.ar\/notiucse\/wp-content\/uploads\/2023\/06\/WhatsApp-Image-2023-06-09-at-11.09.03-1.jpeg\" data-title=\"Los festejos por el D\u00eda del Periodista cambiaron la ma\u00f1ana en la UCSE\"><img decoding=\"async\" class=\"wonderplugin-gridgallery-item-img\" alt=\"Los festejos por el D\u00eda del Periodista cambiaron la ma\u00f1ana en la UCSE\" src=\"http:\/\/www.ucse.edu.ar\/notiucse\/wp-content\/uploads\/2023\/06\/WhatsApp-Image-2023-06-09-at-11.09.03-1-300x169.jpeg\" \/><\/a><\/div><div class=\"wonderplugin-gridgallery-item-text\"><div class=\"wonderplugin-gridgallery-item-wrapper\"><div class=\"wonderplugin-gridgallery-item-socialmedia\"><\/div>\n<div class=\"wonderplugin-gridgallery-item-title\">Los festejos por el D\u00eda del Periodista cambiaron la ma\u00f1ana en la UCSE<\/div>\n<div class=\"wonderplugin-gridgallery-item-description\"><\/div>\n<div class=\"wonderplugin-gridgallery-item-button\"><\/div><\/div><\/div><\/div><div style=\"clear:both;\"><\/div><\/div><div style=\"clear:both;\"><\/div><div class=\"wonderplugin-gridgallery-engine\"><a href=\"http:\/\/www.wonderplugin.com\/wordpress-gridgallery\/\" title=\"WordPress Grid Gallery Plugin\">WordPress Grid Gallery Plugin<\/a><\/div><\/div><\/p>\n<p style=\"text-align: justify;\">La de este viernes es una jornada distinta en la Casa de Altos Estudios. Alumnos, docentes y miembros de toda la comunidad educativa dan vida a una de las actividades programadas en el mes del periodista.<br \/>\nDesde horas tempranas de este viernes 9 de junio, los banderines de colores en los pasillos de la Facultad de Ciencias para la Innovaci\u00f3n y el Desarrollo anunciaban una jornada distinta para los alumnos de la UCSE.<br \/>\nPor el D\u00eda del Periodista, desde la carrera de Licenciatura en Comunicaci\u00f3n Social se organizaron distintas actividades para recordar aquel 7 de junio en el que La Gazeta de Buenos Ayres publicaba su primera edici\u00f3n, en 1810 y bajo la direcci\u00f3n de Mariano Moreno.<br \/>\nTodo comenz\u00f3 alrededor de las 9.30 con la apertura de la Radio Abierta, que estuvo conducida por los alumnos Sof\u00eda Lastra y Santiago Moretti, quienes en primer t\u00e9rmino recibieron a la directora de la carrera de Comunicaci\u00f3n Social, Licenciada Jesica Escalada, quien agradeci\u00f3 a todos los presentes por sumarse a la propuesta que busca celebrar el D\u00eda del Periodista haciendo periodismo. Como se recordar\u00e1, Comunicaci\u00f3n Social tiene entre sus tecnicaturas la de Periodismo, de la cual egresan numerosos profesionales que actualmente ejercen en Santiago del Estero, el pa\u00eds y el mundo.<\/p>\n<p style=\"text-align: justify;\">Promediando la ma\u00f1ana, la Lic. Graciela Corbal\u00e1n Orbuj se sum\u00f3 a la propuesta para contar su experiencia personal como comunicadora social egresada de esta Casa de Altos Estudios. La profesional hizo un repaso de sus vivencias como estudiante y tambi\u00e9n sus primeros pasos como egresada.<\/p>\n","protected":false},"excerpt":{"rendered":"<p>La de este viernes es una jornada distinta en la Casa de Altos Estudios. Alumnos, docentes y miembros de toda la comunidad educativa dan vida a una de las actividades programadas en el mes del periodista. Desde horas tempranas de este viernes 9 de junio, los banderines de colores en los pasillos de la Facultad [&hellip;]<\/p>\n","protected":false},"author":1,"featured_media":8291,"comment_status":"closed","ping_status":"closed","sticky":false,"template":"","format":"standard","meta":{"_exactmetrics_skip_tracking":false,"_exactmetrics_sitenote_active":false,"_exactmetrics_sitenote_note":"","_exactmetrics_sitenote_category":0,"footnotes":""},"categories":[10,73,72],"tags":[],"_links":{"self":[{"href":"https:\/\/www.ucse.edu.ar\/notiucse\/wp-json\/wp\/v2\/posts\/8290"}],"collection":[{"href":"https:\/\/www.ucse.edu.ar\/notiucse\/wp-json\/wp\/v2\/posts"}],"about":[{"href":"https:\/\/www.ucse.edu.ar\/notiucse\/wp-json\/wp\/v2\/types\/post"}],"author":[{"embeddable":true,"href":"https:\/\/www.ucse.edu.ar\/notiucse\/wp-json\/wp\/v2\/users\/1"}],"replies":[{"embeddable":true,"href":"https:\/\/www.ucse.edu.ar\/notiucse\/wp-json\/wp\/v2\/comments?post=8290"}],"version-history":[{"count":1,"href":"https:\/\/www.ucse.edu.ar\/notiucse\/wp-json\/wp\/v2\/posts\/8290\/revisions"}],"predecessor-version":[{"id":8295,"href":"https:\/\/www.ucse.edu.ar\/notiucse\/wp-json\/wp\/v2\/posts\/8290\/revisions\/8295"}],"wp:featuredmedia":[{"embeddable":true,"href":"https:\/\/www.ucse.edu.ar\/notiucse\/wp-json\/wp\/v2\/media\/8291"}],"wp:attachment":[{"href":"https:\/\/www.ucse.edu.ar\/notiucse\/wp-json\/wp\/v2\/media?parent=8290"}],"wp:term":[{"taxonomy":"category","embeddable":true,"href":"https:\/\/www.ucse.edu.ar\/notiucse\/wp-json\/wp\/v2\/categories?post=8290"},{"taxonomy":"post_tag","embeddable":true,"href":"https:\/\/www.ucse.edu.ar\/notiucse\/wp-json\/wp\/v2\/tags?post=8290"}],"curies":[{"name":"wp","href":"https:\/\/api.w.org\/{rel}","templated":true}]}}