{"id":8329,"date":"2023-06-15T09:12:52","date_gmt":"2023-06-15T12:12:52","guid":{"rendered":"http:\/\/www.ucse.edu.ar\/notiucse\/?p=8329"},"modified":"2023-06-15T09:12:52","modified_gmt":"2023-06-15T12:12:52","slug":"festejos-por-los-63-aniversario-de-la-universidad-catolica-de-santiago-del-estero","status":"publish","type":"post","link":"https:\/\/www.ucse.edu.ar\/notiucse\/2023\/06\/15\/festejos-por-los-63-aniversario-de-la-universidad-catolica-de-santiago-del-estero\/","title":{"rendered":"FESTEJOS POR LOS 63\u00b0 ANIVERSARIO DE LA UNIVERSIDAD CAT\u00d3LICA DE SANTIAGO DEL ESTERO"},"content":{"rendered":"<p style=\"text-align: justify;\"><a href=\"http:\/\/www.ucse.edu.ar\/notiucse\/wp-content\/uploads\/2023\/06\/Aniversario-FLYER-1.png\"><img fetchpriority=\"high\" decoding=\"async\" class=\"alignnone size-full wp-image-8330\" src=\"http:\/\/www.ucse.edu.ar\/notiucse\/wp-content\/uploads\/2023\/06\/Aniversario-FLYER-1.png\" alt=\"Aniversario FLYER-1\" width=\"1899\" height=\"1899\" srcset=\"https:\/\/www.ucse.edu.ar\/notiucse\/wp-content\/uploads\/2023\/06\/Aniversario-FLYER-1.png 1899w, https:\/\/www.ucse.edu.ar\/notiucse\/wp-content\/uploads\/2023\/06\/Aniversario-FLYER-1-150x150.png 150w, https:\/\/www.ucse.edu.ar\/notiucse\/wp-content\/uploads\/2023\/06\/Aniversario-FLYER-1-300x300.png 300w, https:\/\/www.ucse.edu.ar\/notiucse\/wp-content\/uploads\/2023\/06\/Aniversario-FLYER-1-1024x1024.png 1024w, https:\/\/www.ucse.edu.ar\/notiucse\/wp-content\/uploads\/2023\/06\/Aniversario-FLYER-1-70x70.png 70w, https:\/\/www.ucse.edu.ar\/notiucse\/wp-content\/uploads\/2023\/06\/Aniversario-FLYER-1-250x250.png 250w\" sizes=\"(max-width: 1899px) 100vw, 1899px\" \/><\/a><\/p>\n<p style=\"text-align: justify;\">El pr\u00f3ximo mi\u00e9rcoles 21 de junio se cumplen 63 a\u00f1os de la fundaci\u00f3n de la Universidad Cat\u00f3lica de Santiago del Estero. Para celebrarlo se organizaron diferentes actividades para ese d\u00eda.<\/p>\n<p style=\"text-align: justify;\">Bajo la premisa \u201cSumando un a\u00f1o de vida formando profesionales\u201d se espera que sea una jornada especial. El rector, Ing. Luis Eugenio Lucena invita a toda la comunidad educativa de la UCSE a participar de los festejos.<\/p>\n<p style=\"text-align: justify;\">A las 18:30 se celebrar\u00e1 una misa en la Capilla del campus universitario, que ser\u00e1 presidida por los presb\u00edteros Sergio Quinzio y Luis Cruz. Durante la ceremonia contaremos con la visita de la imagen de San Luis Gonzaga y su comunidad.<\/p>\n<p style=\"text-align: justify;\">A las 19:15 se realizar\u00e1 el acto acad\u00e9mico en el sal\u00f3n Auditorio, donde ser\u00e1n agasajados los integrantes de la universidad que cumplieron 25 a\u00f1os de servicios ininterrumpido y tambi\u00e9n quienes se han jubilado.<\/p>\n<p style=\"text-align: justify;\">El acto finalizar\u00e1 con el Cuarteto de Cuerdas, quienes interpretar\u00e1n las siguientes obras:<\/p>\n<p style=\"text-align: justify;\">-\u00c9rase una vez en el oeste. Ennio Morricone (1968)<\/p>\n<p style=\"text-align: justify;\">-Divertimento in RE mayor. Wolfgang Amadeus Mozart (1772)<\/p>\n<p style=\"text-align: justify;\">-Cu\u00e1n Profundo Es Tu Amor. Bee Gees (1977)<\/p>\n<p style=\"text-align: justify;\">-Summertime. Ira Gershwin (1935)<\/p>\n<p style=\"text-align: justify;\">&#8211; La Muerte del \u00c1ngel. Astor Piazzola (1965)<\/p>\n<p style=\"text-align: justify;\">&#8211; Tanguera. Mariano Mores (1955)<\/p>\n","protected":false},"excerpt":{"rendered":"<p>El pr\u00f3ximo mi\u00e9rcoles 21 de junio se cumplen 63 a\u00f1os de la fundaci\u00f3n de la Universidad Cat\u00f3lica de Santiago del Estero. Para celebrarlo se organizaron diferentes actividades para ese d\u00eda. Bajo la premisa \u201cSumando un a\u00f1o de vida formando profesionales\u201d se espera que sea una jornada especial. El rector, Ing. Luis Eugenio Lucena invita a [&hellip;]<\/p>\n","protected":false},"author":1,"featured_media":8331,"comment_status":"closed","ping_status":"closed","sticky":false,"template":"","format":"standard","meta":{"_exactmetrics_skip_tracking":false,"_exactmetrics_sitenote_active":false,"_exactmetrics_sitenote_note":"","_exactmetrics_sitenote_category":0,"footnotes":""},"categories":[73,72],"tags":[],"_links":{"self":[{"href":"https:\/\/www.ucse.edu.ar\/notiucse\/wp-json\/wp\/v2\/posts\/8329"}],"collection":[{"href":"https:\/\/www.ucse.edu.ar\/notiucse\/wp-json\/wp\/v2\/posts"}],"about":[{"href":"https:\/\/www.ucse.edu.ar\/notiucse\/wp-json\/wp\/v2\/types\/post"}],"author":[{"embeddable":true,"href":"https:\/\/www.ucse.edu.ar\/notiucse\/wp-json\/wp\/v2\/users\/1"}],"replies":[{"embeddable":true,"href":"https:\/\/www.ucse.edu.ar\/notiucse\/wp-json\/wp\/v2\/comments?post=8329"}],"version-history":[{"count":1,"href":"https:\/\/www.ucse.edu.ar\/notiucse\/wp-json\/wp\/v2\/posts\/8329\/revisions"}],"predecessor-version":[{"id":8332,"href":"https:\/\/www.ucse.edu.ar\/notiucse\/wp-json\/wp\/v2\/posts\/8329\/revisions\/8332"}],"wp:featuredmedia":[{"embeddable":true,"href":"https:\/\/www.ucse.edu.ar\/notiucse\/wp-json\/wp\/v2\/media\/8331"}],"wp:attachment":[{"href":"https:\/\/www.ucse.edu.ar\/notiucse\/wp-json\/wp\/v2\/media?parent=8329"}],"wp:term":[{"taxonomy":"category","embeddable":true,"href":"https:\/\/www.ucse.edu.ar\/notiucse\/wp-json\/wp\/v2\/categories?post=8329"},{"taxonomy":"post_tag","embeddable":true,"href":"https:\/\/www.ucse.edu.ar\/notiucse\/wp-json\/wp\/v2\/tags?post=8329"}],"curies":[{"name":"wp","href":"https:\/\/api.w.org\/{rel}","templated":true}]}}