{"id":8560,"date":"2023-08-10T09:45:55","date_gmt":"2023-08-10T12:45:55","guid":{"rendered":"http:\/\/www.ucse.edu.ar\/notiucse\/?p=8560"},"modified":"2023-08-10T09:45:55","modified_gmt":"2023-08-10T12:45:55","slug":"se-celebro-la-misa-en-honor-a-san-cayetano","status":"publish","type":"post","link":"https:\/\/www.ucse.edu.ar\/notiucse\/2023\/08\/10\/se-celebro-la-misa-en-honor-a-san-cayetano\/","title":{"rendered":"SE CELEBR\u00d3 LA MISA EN HONOR A SAN CAYETANO"},"content":{"rendered":"<p><a href=\"http:\/\/www.ucse.edu.ar\/notiucse\/wp-content\/uploads\/2023\/08\/misa-san-caye.jpg\"><img fetchpriority=\"high\" decoding=\"async\" class=\"alignnone size-full wp-image-8561\" src=\"http:\/\/www.ucse.edu.ar\/notiucse\/wp-content\/uploads\/2023\/08\/misa-san-caye.jpg\" alt=\"misa san caye\" width=\"1999\" height=\"1333\" srcset=\"https:\/\/www.ucse.edu.ar\/notiucse\/wp-content\/uploads\/2023\/08\/misa-san-caye.jpg 1999w, https:\/\/www.ucse.edu.ar\/notiucse\/wp-content\/uploads\/2023\/08\/misa-san-caye-300x200.jpg 300w, https:\/\/www.ucse.edu.ar\/notiucse\/wp-content\/uploads\/2023\/08\/misa-san-caye-1024x683.jpg 1024w\" sizes=\"(max-width: 1999px) 100vw, 1999px\" \/><\/a><\/p>\n<p>El pasado lunes 7 de agosto, a las 20 horas, se celebr\u00f3 una misa en la capilla Nuestra Se\u00f1ora de la Misericordia en honor a San Cayetano, patrono del pan y del trabajo.<\/p>\n<p>La misma fue presidida por el Fray Victor Fern\u00e1ndez, quien realiz\u00f3 la bendici\u00f3n de los trabajadores y luego comparti\u00f3 el pan junto a los miembros de la comunidad universitaria que participaron.<\/p>\n<p>En esta fecha los fieles creyentes agradecen a San Cayetano por tener trabajo y pan. Se lo recuerda cada 7 de agosto ya que fue el d\u00eda en que falleci\u00f3 en el a\u00f1o 1547.<\/p>\n","protected":false},"excerpt":{"rendered":"<p>El pasado lunes 7 de agosto, a las 20 horas, se celebr\u00f3 una misa en la capilla Nuestra Se\u00f1ora de la Misericordia en honor a San Cayetano, patrono del pan y del trabajo. La misma fue presidida por el Fray Victor Fern\u00e1ndez, quien realiz\u00f3 la bendici\u00f3n de los trabajadores y luego comparti\u00f3 el pan junto [&hellip;]<\/p>\n","protected":false},"author":1,"featured_media":8562,"comment_status":"closed","ping_status":"closed","sticky":false,"template":"","format":"standard","meta":{"_exactmetrics_skip_tracking":false,"_exactmetrics_sitenote_active":false,"_exactmetrics_sitenote_note":"","_exactmetrics_sitenote_category":0,"footnotes":""},"categories":[73,72],"tags":[],"_links":{"self":[{"href":"https:\/\/www.ucse.edu.ar\/notiucse\/wp-json\/wp\/v2\/posts\/8560"}],"collection":[{"href":"https:\/\/www.ucse.edu.ar\/notiucse\/wp-json\/wp\/v2\/posts"}],"about":[{"href":"https:\/\/www.ucse.edu.ar\/notiucse\/wp-json\/wp\/v2\/types\/post"}],"author":[{"embeddable":true,"href":"https:\/\/www.ucse.edu.ar\/notiucse\/wp-json\/wp\/v2\/users\/1"}],"replies":[{"embeddable":true,"href":"https:\/\/www.ucse.edu.ar\/notiucse\/wp-json\/wp\/v2\/comments?post=8560"}],"version-history":[{"count":1,"href":"https:\/\/www.ucse.edu.ar\/notiucse\/wp-json\/wp\/v2\/posts\/8560\/revisions"}],"predecessor-version":[{"id":8563,"href":"https:\/\/www.ucse.edu.ar\/notiucse\/wp-json\/wp\/v2\/posts\/8560\/revisions\/8563"}],"wp:featuredmedia":[{"embeddable":true,"href":"https:\/\/www.ucse.edu.ar\/notiucse\/wp-json\/wp\/v2\/media\/8562"}],"wp:attachment":[{"href":"https:\/\/www.ucse.edu.ar\/notiucse\/wp-json\/wp\/v2\/media?parent=8560"}],"wp:term":[{"taxonomy":"category","embeddable":true,"href":"https:\/\/www.ucse.edu.ar\/notiucse\/wp-json\/wp\/v2\/categories?post=8560"},{"taxonomy":"post_tag","embeddable":true,"href":"https:\/\/www.ucse.edu.ar\/notiucse\/wp-json\/wp\/v2\/tags?post=8560"}],"curies":[{"name":"wp","href":"https:\/\/api.w.org\/{rel}","templated":true}]}}