{"id":8564,"date":"2023-08-10T09:46:23","date_gmt":"2023-08-10T12:46:23","guid":{"rendered":"http:\/\/www.ucse.edu.ar\/notiucse\/?p=8564"},"modified":"2023-08-10T09:46:23","modified_gmt":"2023-08-10T12:46:23","slug":"ya-llega-la-expo-ucse-2023","status":"publish","type":"post","link":"https:\/\/www.ucse.edu.ar\/notiucse\/2023\/08\/10\/ya-llega-la-expo-ucse-2023\/","title":{"rendered":"YA LLEGA LA EXPO UCSE 2023"},"content":{"rendered":"<p style=\"text-align: justify;\"><a href=\"http:\/\/www.ucse.edu.ar\/notiucse\/wp-content\/uploads\/2023\/08\/expo-ucse.jpg\"><img fetchpriority=\"high\" decoding=\"async\" class=\"alignnone size-full wp-image-8565\" src=\"http:\/\/www.ucse.edu.ar\/notiucse\/wp-content\/uploads\/2023\/08\/expo-ucse.jpg\" alt=\"expo ucse\" width=\"1440\" height=\"1440\" srcset=\"https:\/\/www.ucse.edu.ar\/notiucse\/wp-content\/uploads\/2023\/08\/expo-ucse.jpg 1440w, https:\/\/www.ucse.edu.ar\/notiucse\/wp-content\/uploads\/2023\/08\/expo-ucse-150x150.jpg 150w, https:\/\/www.ucse.edu.ar\/notiucse\/wp-content\/uploads\/2023\/08\/expo-ucse-300x300.jpg 300w, https:\/\/www.ucse.edu.ar\/notiucse\/wp-content\/uploads\/2023\/08\/expo-ucse-1024x1024.jpg 1024w, https:\/\/www.ucse.edu.ar\/notiucse\/wp-content\/uploads\/2023\/08\/expo-ucse-70x70.jpg 70w, https:\/\/www.ucse.edu.ar\/notiucse\/wp-content\/uploads\/2023\/08\/expo-ucse-250x250.jpg 250w\" sizes=\"(max-width: 1440px) 100vw, 1440px\" \/><\/a><\/p>\n<p style=\"text-align: justify;\">El mi\u00e9rcoles 30 y jueves 31 de agosto se llevar\u00e1 a cabo la Expo UCSE, donde estudiantes de los \u00faltimos a\u00f1os del nivel secundario de la ciudad capital y del interior de la provincia, podr\u00e1n conocer la oferta acad\u00e9mica de esta casa de altos estudios.<\/p>\n<p style=\"text-align: justify;\">En el campus universitario, frente a la capilla, se montar\u00e1n carpas con stand de cada facultad: Ciencias Econ\u00f3micas, de Ciencias de la Salud, de Ciencias Pol\u00edticas, Sociales y Jur\u00eddicas y de Ciencias para la Innovaci\u00f3n y el Desarrollo.<\/p>\n<p style=\"text-align: justify;\">Quienes visiten la expo, de 10 a 13 hs y de 15 a 17 hs, podr\u00e1n conocer cu\u00e1les carreras estudiar en la UCSE, sus planes de estudio y duraci\u00f3n. Tambi\u00e9n podr\u00e1n ver los trabajos realizados por alumnos de las diferentes facultades, as\u00ed como pasar un grato momento junto a sus pares.<\/p>\n<p style=\"text-align: justify;\">La radio abierta acompa\u00f1ar\u00e1 las dos jornadas, con estudiantes y docentes de la Licenciatura en Comunicaci\u00f3n Social que participar\u00e1n. Asimismo, los conductores del programa Sintonizados, de radio Estudio Uno tendr\u00e1n su espacio en esta radio.<\/p>\n<p style=\"text-align: justify;\">Te esperamos para conocer la UCSE y su propuesta.<\/p>\n","protected":false},"excerpt":{"rendered":"<p>El mi\u00e9rcoles 30 y jueves 31 de agosto se llevar\u00e1 a cabo la Expo UCSE, donde estudiantes de los \u00faltimos a\u00f1os del nivel secundario de la ciudad capital y del interior de la provincia, podr\u00e1n conocer la oferta acad\u00e9mica de esta casa de altos estudios. En el campus universitario, frente a la capilla, se montar\u00e1n [&hellip;]<\/p>\n","protected":false},"author":1,"featured_media":8566,"comment_status":"closed","ping_status":"closed","sticky":false,"template":"","format":"standard","meta":{"_exactmetrics_skip_tracking":false,"_exactmetrics_sitenote_active":false,"_exactmetrics_sitenote_note":"","_exactmetrics_sitenote_category":0,"footnotes":""},"categories":[73,72],"tags":[],"_links":{"self":[{"href":"https:\/\/www.ucse.edu.ar\/notiucse\/wp-json\/wp\/v2\/posts\/8564"}],"collection":[{"href":"https:\/\/www.ucse.edu.ar\/notiucse\/wp-json\/wp\/v2\/posts"}],"about":[{"href":"https:\/\/www.ucse.edu.ar\/notiucse\/wp-json\/wp\/v2\/types\/post"}],"author":[{"embeddable":true,"href":"https:\/\/www.ucse.edu.ar\/notiucse\/wp-json\/wp\/v2\/users\/1"}],"replies":[{"embeddable":true,"href":"https:\/\/www.ucse.edu.ar\/notiucse\/wp-json\/wp\/v2\/comments?post=8564"}],"version-history":[{"count":1,"href":"https:\/\/www.ucse.edu.ar\/notiucse\/wp-json\/wp\/v2\/posts\/8564\/revisions"}],"predecessor-version":[{"id":8567,"href":"https:\/\/www.ucse.edu.ar\/notiucse\/wp-json\/wp\/v2\/posts\/8564\/revisions\/8567"}],"wp:featuredmedia":[{"embeddable":true,"href":"https:\/\/www.ucse.edu.ar\/notiucse\/wp-json\/wp\/v2\/media\/8566"}],"wp:attachment":[{"href":"https:\/\/www.ucse.edu.ar\/notiucse\/wp-json\/wp\/v2\/media?parent=8564"}],"wp:term":[{"taxonomy":"category","embeddable":true,"href":"https:\/\/www.ucse.edu.ar\/notiucse\/wp-json\/wp\/v2\/categories?post=8564"},{"taxonomy":"post_tag","embeddable":true,"href":"https:\/\/www.ucse.edu.ar\/notiucse\/wp-json\/wp\/v2\/tags?post=8564"}],"curies":[{"name":"wp","href":"https:\/\/api.w.org\/{rel}","templated":true}]}}