{"id":8586,"date":"2023-08-17T12:07:59","date_gmt":"2023-08-17T15:07:59","guid":{"rendered":"http:\/\/www.ucse.edu.ar\/notiucse\/?p=8586"},"modified":"2023-08-17T12:07:59","modified_gmt":"2023-08-17T15:07:59","slug":"en-octubre-se-realizara-el-congreso-de-tecnologias-para-la-accesibilidad","status":"publish","type":"post","link":"https:\/\/www.ucse.edu.ar\/notiucse\/2023\/08\/17\/en-octubre-se-realizara-el-congreso-de-tecnologias-para-la-accesibilidad\/","title":{"rendered":"EN OCTUBRE SE REALIZAR\u00c1 EL CONGRESO DE TECNOLOG\u00cdAS PARA LA ACCESIBILIDAD"},"content":{"rendered":"<p style=\"text-align: justify;\"><img decoding=\"async\" src=\"https:\/\/attachments.office.net\/owa\/carlos.roldan%40ucse.edu.ar\/service.svc\/s\/GetAttachmentThumbnail?id=AAMkADk5NmRlNWNjLWZlOTYtNGI4NS04OGU2LTc5YTA4N2JjYzY5OABGAAAAAACrhZqfBZX1QrpoJlsyN6dSBwCXAN0xEgwLQJrjbg5uYLYkAAAAAAEMAACXAN0xEgwLQJrjbg5uYLYkAAXrBtUYAAABEgAQAIZBXKa5qUtLoxyolS8y1I4%3D&amp;thumbnailType=2&amp;token=eyJhbGciOiJSUzI1NiIsImtpZCI6IjczRkI5QkJFRjYzNjc4RDRGN0U4NEI0NDBCQUJCMTJBMzM5RDlGOTgiLCJ0eXAiOiJKV1QiLCJ4NXQiOiJjX3VidnZZMmVOVDM2RXRFQzZ1eEtqT2RuNWcifQ.eyJvcmlnaW4iOiJodHRwczovL291dGxvb2sub2ZmaWNlMzY1LmNvbSIsInVjIjoiNmUyOTQ1MDg3MGFkNDNmOGEzOThkOGNkYzgxYTUwZDEiLCJ2ZXIiOiJFeGNoYW5nZS5DYWxsYmFjay5WMSIsImFwcGN0eHNlbmRlciI6Ik93YURvd25sb2FkQGI1ZjliYTY4LWM3NTEtNDdiNy05Y2EwLWJlZjU3Zjc3M2FmOCIsImlzc3JpbmciOiJXVyIsImFwcGN0eCI6IntcIm1zZXhjaHByb3RcIjpcIm93YVwiLFwicHVpZFwiOlwiMTE1Mzc2NTkzMjIzMzcwMjEwOVwiLFwic2NvcGVcIjpcIk93YURvd25sb2FkXCIsXCJvaWRcIjpcImViMjljNTEwLTY2ZjgtNDVjOC1hZWNjLWQ5OTdmMWU1NWJjYlwiLFwicHJpbWFyeXNpZFwiOlwiUy0xLTUtMjEtMzA1MTUwMDMxNC0xNTg3NDQxODYyLTIzMzAzMzI1MzQtMTEyMDMwODRcIn0iLCJuYmYiOjE2OTIyODQ0NzAsImV4cCI6MTY5MjI4NTA3MCwiaXNzIjoiMDAwMDAwMDItMDAwMC0wZmYxLWNlMDAtMDAwMDAwMDAwMDAwQGI1ZjliYTY4LWM3NTEtNDdiNy05Y2EwLWJlZjU3Zjc3M2FmOCIsImF1ZCI6IjAwMDAwMDAyLTAwMDAtMGZmMS1jZTAwLTAwMDAwMDAwMDAwMC9hdHRhY2htZW50cy5vZmZpY2UubmV0QGI1ZjliYTY4LWM3NTEtNDdiNy05Y2EwLWJlZjU3Zjc3M2FmOCIsImhhcHAiOiJvd2EifQ.i0Uj6EIDEknqbXh1W7kxOl-8zUCWNFXOXP-ymA48jk4jfXkz_EYT_sRjNsaDA_fkPkjFRNK5yp89Sn2-jORa8-3A-oxmiJEIgRKBzshD0HPaPoEZWrxz_E6RMe7ckw3LCqGhwYjccATGx6bS2c1aUMK-6fg6BNU382fbOj3jnPFLKCjvXGhkYDJkxPeVPGneLeUy2yh53JCNk86pQ_cJ_pHguG_Pf-hK-FuDTaj-HgbL-sXVl_5hSgHw39aWHbp2bJJLQi-Mu35WsldEmbSJNAbB67EKGrLvTsIsBmWjn1jXkdAowC0JtTViaOVIPEj6JIL9sQ-mckS1CG5jpMvZXQ&amp;X-OWA-CANARY=EBVNqdysA0qHRPeiXZSq0mCSPVszn9sYZ1YjbnYGyhSx2sBikOZABJDoxs8XZYBciJAjUTm7XfE.&amp;owa=outlook.office365.com&amp;scriptVer=20230811007.07&amp;animation=true\" alt=\"Vista previa de imagen\" \/><\/p>\n<p style=\"text-align: justify;\">El Sistema Integrado de Ciencia, Innovaci\u00f3n y Tecnolog\u00edas de Santiago del Estero organiza el Congreso de Tecnolog\u00edas para la Accesibilidad que se desarrollar\u00e1 los d\u00edas 26 y 27 de octubre, en el Nodo Tecnol\u00f3gico.<\/p>\n<p style=\"text-align: justify;\">Tiene como prop\u00f3sito fundamental reconocer la importancia de las tecnolog\u00edas en la promoci\u00f3n de la inclusi\u00f3n y la igualdad de oportunidades para las personas con discapacidad, contribuyendo, de esta manera, con lo establecido en la Convenci\u00f3n sobre los Derechos de las Personas con Discapacidad, en cuanto a promover, proteger y asegurar el goce pleno y en condiciones de igualdad de todos los derechos humanos y libertades fundamentales por las personas con discapacidad, adem\u00e1s de promover el respeto de su dignidad inherente.<\/p>\n<p style=\"text-align: justify;\">El Congreso est\u00e1 destinado a investigadores en tecnolog\u00edas para discapacidad o en educaci\u00f3n inclusiva; personas con discapacidad; interesados de todo el pa\u00eds en formarse en el desarrollo de tecnolog\u00edas para la discapacidad y p\u00fablico en general.<\/p>\n<p style=\"text-align: justify;\">Con modalidad presencial y con condiciones de accesibilidad para personas con discapacidad visual, auditiva y motora, este evento acad\u00e9mico-cient\u00edfico prev\u00e9 el desarrollo de distintas actividades, tales como: conferencias magistrales, mesas paneles, ponencias orales; posters, y exposici\u00f3n de productos de empresas.<\/p>\n<p style=\"text-align: justify;\">Hasta el 30 de agosto se encuentra abierta la convocatoria para quienes deseen presentar sus contribuciones para las ponencias orales y\/o posters.<\/p>\n<p style=\"text-align: justify;\">Toda la informaci\u00f3n sobre el Congreso de Tecnolog\u00edas para la Accesibilidad puede encontrarse en la p\u00e1gina <a href=\"http:\/\/congresota.unse.edu.ar\/\">http:\/\/congresota.unse.edu.ar\/<\/a>.<\/p>\n<p style=\"text-align: justify;\">\n<p style=\"text-align: justify;\">\n","protected":false},"excerpt":{"rendered":"<p>El Sistema Integrado de Ciencia, Innovaci\u00f3n y Tecnolog\u00edas de Santiago del Estero organiza el Congreso de Tecnolog\u00edas para la Accesibilidad que se desarrollar\u00e1 los d\u00edas 26 y 27 de octubre, en el Nodo Tecnol\u00f3gico. Tiene como prop\u00f3sito fundamental reconocer la importancia de las tecnolog\u00edas en la promoci\u00f3n de la inclusi\u00f3n y la igualdad de oportunidades [&hellip;]<\/p>\n","protected":false},"author":1,"featured_media":8587,"comment_status":"closed","ping_status":"closed","sticky":false,"template":"","format":"standard","meta":{"_exactmetrics_skip_tracking":false,"_exactmetrics_sitenote_active":false,"_exactmetrics_sitenote_note":"","_exactmetrics_sitenote_category":0,"footnotes":""},"categories":[9,8,10,5,73,72],"tags":[],"_links":{"self":[{"href":"https:\/\/www.ucse.edu.ar\/notiucse\/wp-json\/wp\/v2\/posts\/8586"}],"collection":[{"href":"https:\/\/www.ucse.edu.ar\/notiucse\/wp-json\/wp\/v2\/posts"}],"about":[{"href":"https:\/\/www.ucse.edu.ar\/notiucse\/wp-json\/wp\/v2\/types\/post"}],"author":[{"embeddable":true,"href":"https:\/\/www.ucse.edu.ar\/notiucse\/wp-json\/wp\/v2\/users\/1"}],"replies":[{"embeddable":true,"href":"https:\/\/www.ucse.edu.ar\/notiucse\/wp-json\/wp\/v2\/comments?post=8586"}],"version-history":[{"count":1,"href":"https:\/\/www.ucse.edu.ar\/notiucse\/wp-json\/wp\/v2\/posts\/8586\/revisions"}],"predecessor-version":[{"id":8588,"href":"https:\/\/www.ucse.edu.ar\/notiucse\/wp-json\/wp\/v2\/posts\/8586\/revisions\/8588"}],"wp:featuredmedia":[{"embeddable":true,"href":"https:\/\/www.ucse.edu.ar\/notiucse\/wp-json\/wp\/v2\/media\/8587"}],"wp:attachment":[{"href":"https:\/\/www.ucse.edu.ar\/notiucse\/wp-json\/wp\/v2\/media?parent=8586"}],"wp:term":[{"taxonomy":"category","embeddable":true,"href":"https:\/\/www.ucse.edu.ar\/notiucse\/wp-json\/wp\/v2\/categories?post=8586"},{"taxonomy":"post_tag","embeddable":true,"href":"https:\/\/www.ucse.edu.ar\/notiucse\/wp-json\/wp\/v2\/tags?post=8586"}],"curies":[{"name":"wp","href":"https:\/\/api.w.org\/{rel}","templated":true}]}}